{"id":3607,"date":"2018-03-14T21:58:05","date_gmt":"2018-03-14T21:58:05","guid":{"rendered":"https:\/\/turmlahnstein.wordpress.com\/?p=3607"},"modified":"2018-03-14T21:58:05","modified_gmt":"2018-03-14T21:58:05","slug":"pressebericht-punktgleich-zweiter","status":"publish","type":"post","link":"https:\/\/turm-lahnstein.de\/?p=3607","title":{"rendered":"Pressebericht: Punktgleich Zweiter"},"content":{"rendered":"<p>&nbsp;<\/p>\n<p><img loading=\"lazy\" decoding=\"async\" class=\"alignright size-full wp-image-68\" src=\"https:\/\/turm-lahnstein.de\/wp-content\/uploads\/2012\/09\/friedhelm_col.jpg\" alt=\"\" width=\"254\" height=\"248\" \/>Mit einem \u00fcberraschend sicheren 5,5:2,5 Sieg gegen die SG Trier II setzte sich die erste Mannschaft des Schachvereins Turm Lahnstein auf dem zweiten Platz der 2. Rheinland-Pfalz-Liga fest. Offenbar glaubten die Moselaner, die als Tabellenzweiter anreisten und als einzige Mannschaft noch Richtung Tabellenf\u00fchrer ASV Siershahn schauten durften, selbst nicht mehr an ihr Gl\u00fcck.\u00a0 Jedenfalls entwickelten sich die Partien an fast allen Brettern vorteilhaft oder zumindest ausgeglichen f\u00fcr die Schachspieler vom Rhein-Lahn-Eck. Nach Siegen durch Dennis Sanner, Julian Hastrich, Sabrina Ley und Thomas Buch und einem Remis von Friedhelm Schneider nach wechselndem leichten Vorteil zuerst f\u00fcr die eine und dann f\u00fcr die andere Seite stand der Mannschaftssieg relativ schnell fest. Nachdem Stephan B\u00fcchner in spannender Stellung fehlgriff und seinem Gegner den Sieg \u00fcberlassen musste, lie\u00df es sich Michael Sefeloge nicht nehmen, seine vorteilhafte Stellung auch noch bis zum Sieg fortzuf\u00fchren.<\/p>\n<p>Mit komfortablen 11 : 5 Mannschaftspunkten ist das Ergebnis der am 15. April anstehenden letzten Runde in Andernach nicht mehr entscheidend. Das Spieljahr darf jetzt schon als sportlich gelungen f\u00fcr die Mannschaft gewertet werden.<\/p>\n","protected":false},"excerpt":{"rendered":"<p>&nbsp; Mit einem \u00fcberraschend sicheren 5,5:2,5 Sieg gegen die SG Trier II setzte sich die erste Mannschaft des Schachvereins Turm Lahnstein auf dem zweiten Platz der 2. Rheinland-Pfalz-Liga fest. Offenbar [&hellip;]<\/p>\n","protected":false},"author":4,"featured_media":0,"comment_status":"open","ping_status":"open","sticky":false,"template":"","format":"standard","meta":{"footnotes":""},"categories":[1],"tags":[],"_links":{"self":[{"href":"https:\/\/turm-lahnstein.de\/index.php?rest_route=\/wp\/v2\/posts\/3607"}],"collection":[{"href":"https:\/\/turm-lahnstein.de\/index.php?rest_route=\/wp\/v2\/posts"}],"about":[{"href":"https:\/\/turm-lahnstein.de\/index.php?rest_route=\/wp\/v2\/types\/post"}],"author":[{"embeddable":true,"href":"https:\/\/turm-lahnstein.de\/index.php?rest_route=\/wp\/v2\/users\/4"}],"replies":[{"embeddable":true,"href":"https:\/\/turm-lahnstein.de\/index.php?rest_route=%2Fwp%2Fv2%2Fcomments&post=3607"}],"version-history":[{"count":0,"href":"https:\/\/turm-lahnstein.de\/index.php?rest_route=\/wp\/v2\/posts\/3607\/revisions"}],"wp:attachment":[{"href":"https:\/\/turm-lahnstein.de\/index.php?rest_route=%2Fwp%2Fv2%2Fmedia&parent=3607"}],"wp:term":[{"taxonomy":"category","embeddable":true,"href":"https:\/\/turm-lahnstein.de\/index.php?rest_route=%2Fwp%2Fv2%2Fcategories&post=3607"},{"taxonomy":"post_tag","embeddable":true,"href":"https:\/\/turm-lahnstein.de\/index.php?rest_route=%2Fwp%2Fv2%2Ftags&post=3607"}],"curies":[{"name":"wp","href":"https:\/\/api.w.org\/{rel}","templated":true}]}}