{"id":3542,"date":"2018-03-01T07:07:01","date_gmt":"2018-03-01T07:07:01","guid":{"rendered":"https:\/\/turmlahnstein.wordpress.com\/?p=3542"},"modified":"2018-03-01T07:07:01","modified_gmt":"2018-03-01T07:07:01","slug":"pressebericht-sieg-und-niederlage-2","status":"publish","type":"post","link":"https:\/\/turm-lahnstein.de\/?p=3542","title":{"rendered":"Pressebericht: Sieg und Niederlage"},"content":{"rendered":"<p><span style=\"color:#000000;font-family:Times New Roman;\"><img loading=\"lazy\" decoding=\"async\" class=\"alignright size-full wp-image-68\" src=\"https:\/\/turm-lahnstein.de\/wp-content\/uploads\/2012\/09\/friedhelm_col.jpg\" alt=\"\" width=\"254\" height=\"248\" \/>In der aktuellen Runde der 2. Rheinland-Pfalz-Liga brachte der Schachverein Turm Lahnstein den Tabellenf\u00fchrer Springer Siershahn zum Wackeln, nicht aber zu Fall. Mit 5 : 3 behielten die Westerw\u00e4lder schlie\u00dflich die Oberhand.<\/span><!--more--><\/p>\n<p><span style=\"color:#000000;font-family:Times New Roman;\"> Erst in den beiden letzten noch laufenden Partien gerieten die Lahnsteiner letztlich ins Hintertreffen, so dass die knappe Niederlage nicht vermieden werden konnte. Julian Voss und Thomas Buch gewannen ihre Partien f\u00fcr die Rhein-Lahn-St\u00e4dter. Julian Hastrich und Ralf Teichgr\u00e4ber steuerten je ein Remis bei. Bujar Murati, Peter Ley, Stephan B\u00fcchner und Sabrina Ley mussten sich geschlagen bekennen.<\/span><span style=\"color:#000000;font-family:Times New Roman;\">\u00a0<\/span><\/p>\n<p><span style=\"color:#000000;font-family:Times New Roman;\">Einen \u00fcberzeugenden 4 : 1 Sieg landete die dritte Mannschaft des Vereins in der A-Klasse gegen den SV Leideneck. Frank Karzinowski, Dr. Axel M\u00fcller und Elsin Smakic sicherten sich Gewinnpunkte. Kurt Sanner und Elmar Wiskirchen erzielten je ein Remis.<\/span><\/p>\n<p>&nbsp;<\/p>\n","protected":false},"excerpt":{"rendered":"<p>In der aktuellen Runde der 2. Rheinland-Pfalz-Liga brachte der Schachverein Turm Lahnstein den Tabellenf\u00fchrer Springer Siershahn zum Wackeln, nicht aber zu Fall. Mit 5 : 3 behielten die Westerw\u00e4lder schlie\u00dflich [&hellip;]<\/p>\n","protected":false},"author":4,"featured_media":0,"comment_status":"open","ping_status":"open","sticky":false,"template":"","format":"standard","meta":{"footnotes":""},"categories":[1],"tags":[],"_links":{"self":[{"href":"https:\/\/turm-lahnstein.de\/index.php?rest_route=\/wp\/v2\/posts\/3542"}],"collection":[{"href":"https:\/\/turm-lahnstein.de\/index.php?rest_route=\/wp\/v2\/posts"}],"about":[{"href":"https:\/\/turm-lahnstein.de\/index.php?rest_route=\/wp\/v2\/types\/post"}],"author":[{"embeddable":true,"href":"https:\/\/turm-lahnstein.de\/index.php?rest_route=\/wp\/v2\/users\/4"}],"replies":[{"embeddable":true,"href":"https:\/\/turm-lahnstein.de\/index.php?rest_route=%2Fwp%2Fv2%2Fcomments&post=3542"}],"version-history":[{"count":0,"href":"https:\/\/turm-lahnstein.de\/index.php?rest_route=\/wp\/v2\/posts\/3542\/revisions"}],"wp:attachment":[{"href":"https:\/\/turm-lahnstein.de\/index.php?rest_route=%2Fwp%2Fv2%2Fmedia&parent=3542"}],"wp:term":[{"taxonomy":"category","embeddable":true,"href":"https:\/\/turm-lahnstein.de\/index.php?rest_route=%2Fwp%2Fv2%2Fcategories&post=3542"},{"taxonomy":"post_tag","embeddable":true,"href":"https:\/\/turm-lahnstein.de\/index.php?rest_route=%2Fwp%2Fv2%2Ftags&post=3542"}],"curies":[{"name":"wp","href":"https:\/\/api.w.org\/{rel}","templated":true}]}}