{"id":3500,"date":"2018-02-17T12:24:14","date_gmt":"2018-02-17T12:24:14","guid":{"rendered":"https:\/\/turmlahnstein.wordpress.com\/?p=3500"},"modified":"2018-02-17T12:24:14","modified_gmt":"2018-02-17T12:24:14","slug":"40-vereinsmeisterschaft-2018-2","status":"publish","type":"post","link":"https:\/\/turm-lahnstein.de\/?p=3500","title":{"rendered":"40. Vereinsmeisterschaft 2018"},"content":{"rendered":"<p>Turnierleiter Michael Sefeloge:<\/p>\n<p>In dieser Runde trafen die ersten Spieler aufeinander, die am Ende f\u00fcr den Titel in Frage kommen. Werner Sonnhoff stand gegen Friedhelm Schneider immer etwas bequemer, als dann aber die Schwerfiguren abgetauscht wurden, einigten sich die Spieler auf Remis. Auch Joshua Lenz und Colin Klinkner trennten sich mit diesem Ergebnis, ein Bauernendspiel mit ungleichfarbigen L\u00e4ufern lies kein anderes Resultat zu. <!--more-->Alle anderen Partien wurden entschieden, wobei die kampflosen Siege von Lasse Werling und Elmar Wiskirchen gegen Elsin und Ismail Smakic leider aus dem Rahmen fielen. Wenn man schon nicht kann (oder will?), sollte man sich zumindest vorher abmelden.<\/p>\n<p>Peter Schreieck konnte gegen Jakub Rezakovic gewinnen, nachdem dieser in besserer Stellung mit Mehrbauer einen Blackout hatte und so eine Art von Selbstmatt produzierte! Auch Ralf Teichgr\u00e4ber gewann seine Partie gegen Kurt Sanner, ein weit vorgeschobener Bauer und gutes Figurenspiel sorgten daf\u00fcr, dass unserem Vorsitzenden irgendwann die Z\u00fcge ausgingen. Ein Spiel voller Irrungen und Wirrungen brachten Michael Sefeloge und Dr. Axel M\u00fcller in ihrer vorgezogenen Partie aufs Brett. Das Ersterer aus einer Verluststellung heraus mit weniger als f\u00fcnf Minuten Zeit auf der Uhr in den Blitz-Modus umschalten musste und dennoch die Partie noch gewann, kann man nur noch mit dem Begriff \u201esehr, sehr gl\u00fccklich\u201c umschreiben. \u00a0Tomislav Vekic spielte gegen David Meuer mit Wei\u00df etwas zu verhalten und musste so einen Verlust hinnehmen. Unverkennbar sind die schachlichen Fortschritte von Christian Samtleben, er kombinierte gut und konnte Ben Seibel sogar Matt setzen. Das Gleiche gelang Jonathan Lenz gegen Viktor Fohr.<\/p>\n<p>&nbsp;<\/p>\n<ol start=\"3\">\n<li>Runde<\/li>\n<\/ol>\n<p>&nbsp;<\/p>\n<table>\n<tbody>\n<tr>\n<td width=\"233\">Werner Sonnhoff<\/td>\n<td width=\"96\">r<\/td>\n<td width=\"237\">Friedhelm Schneider<\/td>\n<\/tr>\n<tr>\n<td width=\"233\">Peter Schreieck<\/td>\n<td width=\"96\">1:0<\/td>\n<td width=\"237\">Jakub Rezakovic<\/td>\n<\/tr>\n<tr>\n<td width=\"233\">Kurt Sanner<\/td>\n<td width=\"96\">0:1<\/td>\n<td width=\"237\">Ralf Teichgr\u00e4ber<\/td>\n<\/tr>\n<tr>\n<td width=\"233\">Michael Sefeloge<\/td>\n<td width=\"96\">1:0<\/td>\n<td width=\"237\">Dr. Axel M\u00fcller<\/td>\n<\/tr>\n<tr>\n<td width=\"233\">Tomislav Vekic<\/td>\n<td width=\"96\">0:1<\/td>\n<td width=\"237\">David Meuer<\/td>\n<\/tr>\n<tr>\n<td width=\"233\">Joshua Lenz<\/td>\n<td width=\"96\">r<\/td>\n<td width=\"237\">Colin Klinkner<\/td>\n<\/tr>\n<tr>\n<td width=\"233\">Lasse Werling<\/td>\n<td width=\"96\">+:-<\/td>\n<td width=\"237\">Elsin Smakic<\/td>\n<\/tr>\n<tr>\n<td width=\"233\">Elmar Wiskirchen<\/td>\n<td width=\"96\">+:-<\/td>\n<td width=\"237\">Ismail Smakic<\/td>\n<\/tr>\n<tr>\n<td width=\"233\">Ben Seibel<\/td>\n<td width=\"96\">0:1<\/td>\n<td width=\"237\">Christian Samtleben<\/td>\n<\/tr>\n<tr>\n<td width=\"233\">Jonathan Lenz<\/td>\n<td width=\"96\">1:0<\/td>\n<td width=\"237\">Viktor Fohr<\/td>\n<\/tr>\n<\/tbody>\n<\/table>\n<p>&nbsp;<\/p>\n<p>Tabelle nach drei Runden<\/p>\n<p>&nbsp;<\/p>\n<table>\n<tbody>\n<tr>\n<td width=\"70\"><strong>Rang<\/strong><\/td>\n<td width=\"159\"><strong>Name<\/strong><\/td>\n<td width=\"113\"><strong>Punkte<\/strong><\/td>\n<td width=\"113\"><strong>Buchh.<\/strong><\/td>\n<td width=\"110\"><strong>SB<\/strong><\/td>\n<\/tr>\n<tr>\n<td width=\"70\">&nbsp;<\/td>\n<td width=\"159\">&nbsp;<\/td>\n<td width=\"113\">&nbsp;<\/td>\n<td width=\"113\">&nbsp;<\/td>\n<td width=\"110\">&nbsp;<\/td>\n<\/tr>\n<tr>\n<td width=\"70\">1<\/td>\n<td width=\"159\">Werner Sonnhoff<\/td>\n<td width=\"113\">2.5<\/td>\n<td width=\"113\">11.0<\/td>\n<td width=\"110\">6.00<\/td>\n<\/tr>\n<tr>\n<td width=\"70\">2<\/td>\n<td width=\"159\">Ralf Teichgr\u00e4ber<\/td>\n<td width=\"113\">2.5<\/td>\n<td width=\"113\">10.0<\/td>\n<td width=\"110\">5.00<\/td>\n<\/tr>\n<tr>\n<td width=\"70\">3<\/td>\n<td width=\"159\">Friedhelm Schneider<\/td>\n<td width=\"113\">2.5<\/td>\n<td width=\"113\">9.5<\/td>\n<td width=\"110\">4.50<\/td>\n<\/tr>\n<tr>\n<td width=\"70\">3<\/td>\n<td width=\"159\">Michael Sefeloge<\/td>\n<td width=\"113\">2.5<\/td>\n<td width=\"113\">9.5<\/td>\n<td width=\"110\">4.50<\/td>\n<\/tr>\n<tr>\n<td width=\"70\">5<\/td>\n<td width=\"159\">Peter Schreieck<\/td>\n<td width=\"113\">2.5<\/td>\n<td width=\"113\">9.0<\/td>\n<td width=\"110\">4.75<\/td>\n<\/tr>\n<tr>\n<td width=\"70\">6<\/td>\n<td width=\"159\">Jakub Rezakovic<\/td>\n<td width=\"113\">2.0<\/td>\n<td width=\"113\">10.0<\/td>\n<td width=\"110\">4.00<\/td>\n<\/tr>\n<tr>\n<td width=\"70\">7<\/td>\n<td width=\"159\">David Meuer<\/td>\n<td width=\"113\">2.0<\/td>\n<td width=\"113\">9.0<\/td>\n<td width=\"110\">3.0<\/td>\n<\/tr>\n<tr>\n<td width=\"70\">8<\/td>\n<td width=\"159\">Lasse Werling<\/td>\n<td width=\"113\">2.0<\/td>\n<td width=\"113\">7.5<\/td>\n<td width=\"110\">2.00<\/td>\n<\/tr>\n<tr>\n<td width=\"70\">9<\/td>\n<td width=\"159\">Colin Klinkner<\/td>\n<td width=\"113\">1.5<\/td>\n<td width=\"113\">9.0<\/td>\n<td width=\"110\">2.50<\/td>\n<\/tr>\n<tr>\n<td width=\"70\">10<\/td>\n<td width=\"159\">Kurt Sanner<\/td>\n<td width=\"113\">1.5<\/td>\n<td width=\"113\">8.5<\/td>\n<td width=\"110\">2.25<\/td>\n<\/tr>\n<tr>\n<td width=\"70\">11<\/td>\n<td width=\"159\">Joshua Lenz<\/td>\n<td width=\"113\">1.5<\/td>\n<td width=\"113\">7.5<\/td>\n<td width=\"110\">1.50<\/td>\n<\/tr>\n<tr>\n<td width=\"70\">11<\/td>\n<td width=\"159\">Elmar Wiskirchen<\/td>\n<td width=\"113\">1.5<\/td>\n<td width=\"113\">7.5<\/td>\n<td width=\"110\">1.50<\/td>\n<\/tr>\n<tr>\n<td width=\"70\">13<\/td>\n<td width=\"159\">Tomislav Vekic<\/td>\n<td width=\"113\">1.0<\/td>\n<td width=\"113\">9.0<\/td>\n<td width=\"110\">1.50<\/td>\n<\/tr>\n<tr>\n<td width=\"70\">14<\/td>\n<td width=\"159\">Dr. Axel M\u00fcller<\/td>\n<td width=\"113\">1.0<\/td>\n<td width=\"113\">9.0<\/td>\n<td width=\"110\">1.00<\/td>\n<\/tr>\n<tr>\n<td width=\"70\">15<\/td>\n<td width=\"159\">Christian Samtleben<\/td>\n<td width=\"113\">1.0<\/td>\n<td width=\"113\">7.5<\/td>\n<td width=\"110\">1.00<\/td>\n<\/tr>\n<tr>\n<td width=\"70\">16<\/td>\n<td width=\"159\">Jonathan Lenz<\/td>\n<td width=\"113\">1.0<\/td>\n<td width=\"113\">7.0<\/td>\n<td width=\"110\">0.50<\/td>\n<\/tr>\n<tr>\n<td width=\"70\">17<\/td>\n<td width=\"159\">Elsin Smakic<\/td>\n<td width=\"113\">0.5<\/td>\n<td width=\"113\">8.5<\/td>\n<td width=\"110\">1.50<\/td>\n<\/tr>\n<tr>\n<td width=\"70\">18<\/td>\n<td width=\"159\">Ismail Smakic<\/td>\n<td width=\"113\">0.5<\/td>\n<td width=\"113\">8.5<\/td>\n<td width=\"110\">1.00<\/td>\n<\/tr>\n<tr>\n<td width=\"70\">19<\/td>\n<td width=\"159\">Ben Seibel<\/td>\n<td width=\"113\">0.5<\/td>\n<td width=\"113\">6.0<\/td>\n<td width=\"110\">0.75<\/td>\n<\/tr>\n<tr>\n<td width=\"70\">20<\/td>\n<td width=\"159\">Viktor Fohr<\/td>\n<td width=\"113\">0.0<\/td>\n<td width=\"113\">6.5<\/td>\n<td width=\"110\">0.00<\/td>\n<\/tr>\n<\/tbody>\n<\/table>\n<p>&nbsp;<\/p>\n<p><strong>Auslosung der 4. Runde am 2. M\u00e4rz 2018<\/strong><\/p>\n<p><strong>\u00a0<\/strong><\/p>\n<table>\n<tbody>\n<tr>\n<td width=\"192\">Ralf Teichgr\u00e4ber<\/td>\n<td width=\"183\">&nbsp;<\/td>\n<td width=\"191\">Werner Sonnhoff<\/td>\n<\/tr>\n<tr>\n<td width=\"192\">Michael Sefeloge<\/td>\n<td width=\"183\">&nbsp;<\/td>\n<td width=\"191\">Peter Schreieck<\/td>\n<\/tr>\n<tr>\n<td width=\"192\">Friedhelm Schneider<\/td>\n<td width=\"183\">&nbsp;<\/td>\n<td width=\"191\">Jakub Rezakovic<\/td>\n<\/tr>\n<tr>\n<td width=\"192\">David Meuer<\/td>\n<td width=\"183\">&nbsp;<\/td>\n<td width=\"191\">Lasse Werling<\/td>\n<\/tr>\n<tr>\n<td width=\"192\">Colin Klinkner<\/td>\n<td width=\"183\">&nbsp;<\/td>\n<td width=\"191\">Kurt Sanner<\/td>\n<\/tr>\n<tr>\n<td width=\"192\">Elmar Wiskirchen<\/td>\n<td width=\"183\">&nbsp;<\/td>\n<td width=\"191\">Joshua Lenz<\/td>\n<\/tr>\n<tr>\n<td width=\"192\">Dr. Axel M\u00fcller<\/td>\n<td width=\"183\">&nbsp;<\/td>\n<td width=\"191\">Christian Samtleben<\/td>\n<\/tr>\n<tr>\n<td width=\"192\">Jonathan Lenz<\/td>\n<td width=\"183\">&nbsp;<\/td>\n<td width=\"191\">Tomislav Vekic<\/td>\n<\/tr>\n<tr>\n<td width=\"192\">Ismail Smakic<\/td>\n<td width=\"183\">&nbsp;<\/td>\n<td width=\"191\">Ben Seibel<\/td>\n<\/tr>\n<tr>\n<td width=\"192\">Viktor Fohr<\/td>\n<td width=\"183\">&nbsp;<\/td>\n<td width=\"191\">Elsin Smakic<\/td>\n<\/tr>\n<\/tbody>\n<\/table>\n<p>&nbsp;<\/p>\n","protected":false},"excerpt":{"rendered":"<p>Turnierleiter Michael Sefeloge: In dieser Runde trafen die ersten Spieler aufeinander, die am Ende f\u00fcr den Titel in Frage kommen. Werner Sonnhoff stand gegen Friedhelm Schneider immer etwas bequemer, als [&hellip;]<\/p>\n","protected":false},"author":4,"featured_media":0,"comment_status":"open","ping_status":"open","sticky":false,"template":"","format":"standard","meta":{"footnotes":""},"categories":[1],"tags":[],"_links":{"self":[{"href":"https:\/\/turm-lahnstein.de\/index.php?rest_route=\/wp\/v2\/posts\/3500"}],"collection":[{"href":"https:\/\/turm-lahnstein.de\/index.php?rest_route=\/wp\/v2\/posts"}],"about":[{"href":"https:\/\/turm-lahnstein.de\/index.php?rest_route=\/wp\/v2\/types\/post"}],"author":[{"embeddable":true,"href":"https:\/\/turm-lahnstein.de\/index.php?rest_route=\/wp\/v2\/users\/4"}],"replies":[{"embeddable":true,"href":"https:\/\/turm-lahnstein.de\/index.php?rest_route=%2Fwp%2Fv2%2Fcomments&post=3500"}],"version-history":[{"count":0,"href":"https:\/\/turm-lahnstein.de\/index.php?rest_route=\/wp\/v2\/posts\/3500\/revisions"}],"wp:attachment":[{"href":"https:\/\/turm-lahnstein.de\/index.php?rest_route=%2Fwp%2Fv2%2Fmedia&parent=3500"}],"wp:term":[{"taxonomy":"category","embeddable":true,"href":"https:\/\/turm-lahnstein.de\/index.php?rest_route=%2Fwp%2Fv2%2Fcategories&post=3500"},{"taxonomy":"post_tag","embeddable":true,"href":"https:\/\/turm-lahnstein.de\/index.php?rest_route=%2Fwp%2Fv2%2Ftags&post=3500"}],"curies":[{"name":"wp","href":"https:\/\/api.w.org\/{rel}","templated":true}]}}