{"id":3465,"date":"2018-01-21T18:50:59","date_gmt":"2018-01-21T18:50:59","guid":{"rendered":"https:\/\/turmlahnstein.wordpress.com\/?p=3465"},"modified":"2018-01-21T18:50:59","modified_gmt":"2018-01-21T18:50:59","slug":"40-vereinsmeisterschaft-2018","status":"publish","type":"post","link":"https:\/\/turm-lahnstein.de\/?p=3465","title":{"rendered":"40. Vereinsmeisterschaft 2018"},"content":{"rendered":"<p>von Turnierleiter Michael Sefeloge, Anhang von Peter Ley<\/p>\n<p><img loading=\"lazy\" decoding=\"async\" class=\"alignright size-medium wp-image-3467\" src=\"https:\/\/turm-lahnstein.de\/wp-content\/uploads\/2018\/01\/p1000067.jpg?w=300\" alt=\"\" width=\"300\" height=\"225\" srcset=\"https:\/\/turm-lahnstein.de\/wp-content\/uploads\/2018\/01\/p1000067.jpg 1200w, https:\/\/turm-lahnstein.de\/wp-content\/uploads\/2018\/01\/p1000067-300x225.jpg 300w, https:\/\/turm-lahnstein.de\/wp-content\/uploads\/2018\/01\/p1000067-1024x768.jpg 1024w, https:\/\/turm-lahnstein.de\/wp-content\/uploads\/2018\/01\/p1000067-768x576.jpg 768w\" sizes=\"(max-width: 300px) 100vw, 300px\" \/><\/p>\n<p>Die vierzigste Austragung unserer Vereinsmeisterschaft seit der Gr\u00fcndung 1979 sieht in diesem Jahr 20 Teilnehmer am Start. Zwar nicht ganz so viel wie im letzten Jahr (26), aber dennoch zufriedenstellend. Die Altersstruktur ist gut durchmischt, den j\u00fcngsten Teilnehmer Viktor Fohr und den \u00c4ltesten Elmar Wiskirchen trennen 70 Lebensjahre! So etwas gibt es wahrscheinlich nur im Schachsport.<!--more--><\/p>\n<p>Wie man der folgenden Startrangliste entnehmen kann, ist diesmal noch eine klare Tendenz erkennbar. An der Spitze drei Erwachsene, gefolgt von f\u00fcnf Senioren \u00dc 60 im Paket und zw\u00f6lf Jugendlichen mit noch einem Seniorenspieler. Nach der Schlusstabelle werden wir dann sehen, ob es zu gr\u00f6\u00dferen Verschiebungen gekommen sein wird.<\/p>\n<p>&nbsp;<\/p>\n<p><strong>Startrangliste<\/strong><\/p>\n<p><strong>\u00a0<\/strong><\/p>\n<table>\n<tbody>\n<tr>\n<td width=\"192\">Name<\/td>\n<td width=\"187\">Status<\/td>\n<td width=\"187\">DWZ<\/td>\n<\/tr>\n<tr>\n<td width=\"192\"><\/td>\n<td width=\"187\"><\/td>\n<td width=\"187\"><\/td>\n<\/tr>\n<tr>\n<td width=\"192\">01. Ralf Teichgr\u00e4ber<\/td>\n<td width=\"187\"><\/td>\n<td width=\"187\">1905<\/td>\n<\/tr>\n<tr>\n<td width=\"192\">02. Peter Schreieck<\/td>\n<td width=\"187\"><\/td>\n<td width=\"187\">1811<\/td>\n<\/tr>\n<tr>\n<td width=\"192\">03. Friedhelm Schneider<\/td>\n<td width=\"187\"><\/td>\n<td width=\"187\">1810<\/td>\n<\/tr>\n<tr>\n<td width=\"192\">04. Werner Sonnhoff<\/td>\n<td width=\"187\">s<\/td>\n<td width=\"187\">1752<\/td>\n<\/tr>\n<tr>\n<td width=\"192\">05. Jakub Rezakovic<\/td>\n<td width=\"187\">s<\/td>\n<td width=\"187\">1681<\/td>\n<\/tr>\n<tr>\n<td width=\"192\">06. Kurt Sanner<\/td>\n<td width=\"187\">s<\/td>\n<td width=\"187\">1676<\/td>\n<\/tr>\n<tr>\n<td width=\"192\">07. Michael Sefeloge<\/td>\n<td width=\"187\">s<\/td>\n<td width=\"187\">1631<\/td>\n<\/tr>\n<tr>\n<td width=\"192\">08. Dr. Axel M\u00fcller<\/td>\n<td width=\"187\">s<\/td>\n<td width=\"187\">1583<\/td>\n<\/tr>\n<tr>\n<td width=\"192\">09. David Meuer<\/td>\n<td width=\"187\">j<\/td>\n<td width=\"187\">1447<\/td>\n<\/tr>\n<tr>\n<td width=\"192\">10. Joshua Lenz<\/td>\n<td width=\"187\">j<\/td>\n<td width=\"187\">1267<\/td>\n<\/tr>\n<tr>\n<td width=\"192\">11. Tomislav Vekic<\/td>\n<td width=\"187\">j<\/td>\n<td width=\"187\">1172<\/td>\n<\/tr>\n<tr>\n<td width=\"192\">12. Elsin Smakic<\/td>\n<td width=\"187\">j<\/td>\n<td width=\"187\">1163<\/td>\n<\/tr>\n<tr>\n<td width=\"192\">13. Elmar Wiskirchen<\/td>\n<td width=\"187\">s<\/td>\n<td width=\"187\">1092<\/td>\n<\/tr>\n<tr>\n<td width=\"192\">14. Colin Klinkner<\/td>\n<td width=\"187\">j<\/td>\n<td width=\"187\">1075<\/td>\n<\/tr>\n<tr>\n<td width=\"192\">15. Lasse Werling<\/td>\n<td width=\"187\">j<\/td>\n<td width=\"187\">1000<\/td>\n<\/tr>\n<tr>\n<td width=\"192\">16. Ismail Smakic<\/td>\n<td width=\"187\">j<\/td>\n<td width=\"187\">997<\/td>\n<\/tr>\n<tr>\n<td width=\"192\">17. Christian Samtleben<\/td>\n<td width=\"187\">j<\/td>\n<td width=\"187\">891<\/td>\n<\/tr>\n<tr>\n<td width=\"192\">18. Ben Seibel<\/td>\n<td width=\"187\">j<\/td>\n<td width=\"187\">769<\/td>\n<\/tr>\n<tr>\n<td width=\"192\">19. Jonathan Lenz<\/td>\n<td width=\"187\">j<\/td>\n<td width=\"187\">702<\/td>\n<\/tr>\n<tr>\n<td width=\"192\">20. Viktor Fohr<\/td>\n<td width=\"187\">j<\/td>\n<td width=\"187\">\u2026<\/td>\n<\/tr>\n<\/tbody>\n<\/table>\n<p>&nbsp;<\/p>\n<p>In der 1. Runde entsprachen die Ergebnisse den Erwartungen, doch halt, eine Partie fiel etwas aus dem Rahmen. Elsin Smakic konnte n\u00e4mlich Peter Schreieck ein Remis abkn\u00f6pfen, nachdem dieser bei beginnender Zeitnot seine Mehrfigur wieder hergeben musste.<\/p>\n<p>&nbsp;<\/p>\n<p>Peter Ley: Eine gute Stunde konnte ich die Partien beobachten, wobei Joshuas Partie gegen Viktor schon nach gut 5 Minute zu Ende war. Jonathan spielte 15 Z\u00fcge lang gegen David ohne sichtbaren Fehler, tauschte dann aber vielleicht nicht ganz korrekt seinen schwarzen L\u00e4ufer gegen den Springer auf f6 und sein gefesselter Springer auf f3 wurde zum Problem. David kombinierte Jonathan daraufhin geschickt aus. Christian spielt gegen Michael Sefeloge lange gut mit, bis er doch ein wenig einfach eine Figur und wenig sp\u00e4ter die Partie hergibt. Lasse ebenso gegen Jakub, auch hier entscheidet eine kleine Unachtsamkeit und wegen des gefesselten g-Bauers ist 2-z\u00fcgig die Dame weg. Ein seltsame Partie ergibt sich zwischen Ben und Titelverteidiger Axel M\u00fcller. Ben opfert etwas optimistisch 2 Figuren, aber es ist nichts Gef\u00e4hrliches zu sehen. Ich dachte es w\u00e4re gelaufen. Wenige Minuten sp\u00e4ter hat er nur noch eine Qualit\u00e4t weniger und daf\u00fcr 2 Bauern. Ben spielt zu sehr auf Matt, was nicht funktioniert und verliert Material. Letztlich kann sich der Routinier durchsetzen. Elsin verlor auch etwas einfach die Figur und holte sich \u00fcberraschend dann doch noch den halben Punkt.<\/p>\n<p>&nbsp;<\/p>\n<ol>\n<li>Runde<\/li>\n<\/ol>\n<p>&nbsp;<\/p>\n<table>\n<tbody>\n<tr>\n<td width=\"233\">Tomislav Vekic<\/td>\n<td width=\"96\">0:1<\/td>\n<td width=\"237\">Ralf Teichgr\u00e4ber<\/td>\n<\/tr>\n<tr>\n<td width=\"233\">Peter Schreieck<\/td>\n<td width=\"96\">r<\/td>\n<td width=\"237\">Elsin Smakic<\/td>\n<\/tr>\n<tr>\n<td width=\"233\">Elmar Wiskirchen<\/td>\n<td width=\"96\">0:1<\/td>\n<td width=\"237\">Friedhelm Schneider<\/td>\n<\/tr>\n<tr>\n<td width=\"233\">Werner Sonnhoff<\/td>\n<td width=\"96\">1:0<\/td>\n<td width=\"237\">Colin Klinkner<\/td>\n<\/tr>\n<tr>\n<td width=\"233\">Lasse Werling<\/td>\n<td width=\"96\">0:1<\/td>\n<td width=\"237\">Jakub Rezakovic<\/td>\n<\/tr>\n<tr>\n<td width=\"233\">Kurt Sanner<\/td>\n<td width=\"96\"><\/td>\n<td width=\"237\">Ismail Smakic<\/td>\n<\/tr>\n<tr>\n<td width=\"233\">Christian Samtleben<\/td>\n<td width=\"96\">0:1<\/td>\n<td width=\"237\">Michael Sefeloge<\/td>\n<\/tr>\n<tr>\n<td width=\"233\">Dr. Axel M\u00fcller<\/td>\n<td width=\"96\">1:0<\/td>\n<td width=\"237\">Ben Seibel<\/td>\n<\/tr>\n<tr>\n<td width=\"233\">Jonathan Lenz<\/td>\n<td width=\"96\">0:1<\/td>\n<td width=\"237\">David Meuer<\/td>\n<\/tr>\n<tr>\n<td width=\"233\">Joshua Lenz<\/td>\n<td width=\"96\">1:0<\/td>\n<td width=\"237\">Viktor Fohr<\/td>\n<\/tr>\n<\/tbody>\n<\/table>\n","protected":false},"excerpt":{"rendered":"<p>von Turnierleiter Michael Sefeloge, Anhang von Peter Ley Die vierzigste Austragung unserer Vereinsmeisterschaft seit der Gr\u00fcndung 1979 sieht in diesem Jahr 20 Teilnehmer am Start. Zwar nicht ganz so viel [&hellip;]<\/p>\n","protected":false},"author":4,"featured_media":0,"comment_status":"open","ping_status":"open","sticky":false,"template":"","format":"standard","meta":{"footnotes":""},"categories":[1],"tags":[],"_links":{"self":[{"href":"https:\/\/turm-lahnstein.de\/index.php?rest_route=\/wp\/v2\/posts\/3465"}],"collection":[{"href":"https:\/\/turm-lahnstein.de\/index.php?rest_route=\/wp\/v2\/posts"}],"about":[{"href":"https:\/\/turm-lahnstein.de\/index.php?rest_route=\/wp\/v2\/types\/post"}],"author":[{"embeddable":true,"href":"https:\/\/turm-lahnstein.de\/index.php?rest_route=\/wp\/v2\/users\/4"}],"replies":[{"embeddable":true,"href":"https:\/\/turm-lahnstein.de\/index.php?rest_route=%2Fwp%2Fv2%2Fcomments&post=3465"}],"version-history":[{"count":0,"href":"https:\/\/turm-lahnstein.de\/index.php?rest_route=\/wp\/v2\/posts\/3465\/revisions"}],"wp:attachment":[{"href":"https:\/\/turm-lahnstein.de\/index.php?rest_route=%2Fwp%2Fv2%2Fmedia&parent=3465"}],"wp:term":[{"taxonomy":"category","embeddable":true,"href":"https:\/\/turm-lahnstein.de\/index.php?rest_route=%2Fwp%2Fv2%2Fcategories&post=3465"},{"taxonomy":"post_tag","embeddable":true,"href":"https:\/\/turm-lahnstein.de\/index.php?rest_route=%2Fwp%2Fv2%2Ftags&post=3465"}],"curies":[{"name":"wp","href":"https:\/\/api.w.org\/{rel}","templated":true}]}}