{"id":3457,"date":"2018-01-11T07:14:13","date_gmt":"2018-01-11T07:14:13","guid":{"rendered":"https:\/\/turmlahnstein.wordpress.com\/?p=3457"},"modified":"2018-01-11T07:14:13","modified_gmt":"2018-01-11T07:14:13","slug":"pressebericht-zehn-lahnsteiner-bei-den-jugend-rheinlandmeisterschaften","status":"publish","type":"post","link":"https:\/\/turm-lahnstein.de\/?p=3457","title":{"rendered":"Pressebericht: Zehn Lahnsteiner bei den Jugend-Rheinlandmeisterschaften"},"content":{"rendered":"<p><img loading=\"lazy\" decoding=\"async\" class=\"alignright size-full wp-image-68\" src=\"https:\/\/turm-lahnstein.de\/wp-content\/uploads\/2012\/09\/friedhelm_col.jpg\" alt=\"\" width=\"254\" height=\"248\" \/>Mit zehn Kindern und Jugendlichen war der Schachverein Turm Lahnstein bei den Rheinlandmeisterschaften der Schachjugend vertreten und damit der Verein mit den zweitmeisten Teilnehmern. Das Turnier fand in der ersten Januarwoche in der Jugendherberge Traben-Trarbach statt.<!--more--><\/p>\n<p>Die meisten Teilnehmer traten in der Altersklasse U 12, das hei\u00dft unter 12 Jahren, an. Im 23k\u00f6pfigen Teilnehmerfeld tummelten sich auch sechs Lahnsteiner. David Meuer, Joshua Lenz und Lasse Werling spielten erwartungsgem\u00e4\u00df vorne mit und konnten mit ihren Partien voll \u00fcberzeugen. David und Joshua sicherten sich mit je f\u00fcnf von sieben m\u00f6glichen Punkten die Pl\u00e4tze drei und vier. Auch Lasse mit vier Punkten und dem sechsten Platz sicherte sich die Qualifikation f\u00fcr die Rheinland-Pfalz-Meisterschaft, die in diesem Jahr f\u00fcr diese Altersklasse in Lahnstein stattfindet.<\/p>\n<p>Mit geringerem Ambitionen gingen Zehra \u00dcnal, Christian Samtleben und Simon Mayer ins Turnier und vor dieser Erwartungshaltung k\u00f6nnen alle mit ihren erzielten Punkten (Simon 3, Christian 2,5, Zehra 1) zufrieden sein.<\/p>\n<p>Bei den j\u00fcngsten in der U 10 agierten Franziska Herbel und Johanna Lenz mit viel Spielfreude und erzielten beachtliche vier bzw. drei Punkte. Franziska sicherte sich damit in der M\u00e4dchenwertung den dritten Rang.<\/p>\n<p>In der Altersklasse U 16 lieferte Noel Bendel mit 3,5 und damit der H\u00e4lfte aller m\u00f6glichen Punkte eine sehr ordentliche Vorstellung und wurde im Gesamtturnier Neunte und gleichzeitig zweitbestes M\u00e4dchen.<\/p>\n<p>Sabrina Ley war in der M\u00e4dchenwertung der U 18 klar favorisiert und lie\u00df sich den Titel der Rheinlandmeisterin 2018 auch nicht nehmen. Durch die Zusammenlegung dieser zahlenm\u00e4\u00dfig nicht \u00fcppig besetzten Klasse mit einem f\u00fcr \u201eU 25\u201c offenen Turnier war das Turnier durchaus sportlich reizvoll.<\/p>\n","protected":false},"excerpt":{"rendered":"<p>Mit zehn Kindern und Jugendlichen war der Schachverein Turm Lahnstein bei den Rheinlandmeisterschaften der Schachjugend vertreten und damit der Verein mit den zweitmeisten Teilnehmern. Das Turnier fand in der ersten [&hellip;]<\/p>\n","protected":false},"author":4,"featured_media":0,"comment_status":"open","ping_status":"open","sticky":false,"template":"","format":"standard","meta":{"footnotes":""},"categories":[1],"tags":[],"_links":{"self":[{"href":"https:\/\/turm-lahnstein.de\/index.php?rest_route=\/wp\/v2\/posts\/3457"}],"collection":[{"href":"https:\/\/turm-lahnstein.de\/index.php?rest_route=\/wp\/v2\/posts"}],"about":[{"href":"https:\/\/turm-lahnstein.de\/index.php?rest_route=\/wp\/v2\/types\/post"}],"author":[{"embeddable":true,"href":"https:\/\/turm-lahnstein.de\/index.php?rest_route=\/wp\/v2\/users\/4"}],"replies":[{"embeddable":true,"href":"https:\/\/turm-lahnstein.de\/index.php?rest_route=%2Fwp%2Fv2%2Fcomments&post=3457"}],"version-history":[{"count":0,"href":"https:\/\/turm-lahnstein.de\/index.php?rest_route=\/wp\/v2\/posts\/3457\/revisions"}],"wp:attachment":[{"href":"https:\/\/turm-lahnstein.de\/index.php?rest_route=%2Fwp%2Fv2%2Fmedia&parent=3457"}],"wp:term":[{"taxonomy":"category","embeddable":true,"href":"https:\/\/turm-lahnstein.de\/index.php?rest_route=%2Fwp%2Fv2%2Fcategories&post=3457"},{"taxonomy":"post_tag","embeddable":true,"href":"https:\/\/turm-lahnstein.de\/index.php?rest_route=%2Fwp%2Fv2%2Ftags&post=3457"}],"curies":[{"name":"wp","href":"https:\/\/api.w.org\/{rel}","templated":true}]}}