{"id":3447,"date":"2018-01-09T07:49:24","date_gmt":"2018-01-09T07:49:24","guid":{"rendered":"https:\/\/turmlahnstein.wordpress.com\/?p=3447"},"modified":"2018-01-09T07:49:24","modified_gmt":"2018-01-09T07:49:24","slug":"jugendrheinlandmeisterschaften","status":"publish","type":"post","link":"https:\/\/turm-lahnstein.de\/?p=3447","title":{"rendered":"Jugendrheinlandmeisterschaften 2018"},"content":{"rendered":"<p><span style=\"color:#000000;font-family:Calibri;\"><img loading=\"lazy\" decoding=\"async\" class=\"alignright size-medium wp-image-3448\" src=\"https:\/\/turm-lahnstein.de\/wp-content\/uploads\/2018\/01\/p1000046.jpg?w=300\" alt=\"\" width=\"300\" height=\"225\" srcset=\"https:\/\/turm-lahnstein.de\/wp-content\/uploads\/2018\/01\/p1000046.jpg 1200w, https:\/\/turm-lahnstein.de\/wp-content\/uploads\/2018\/01\/p1000046-300x225.jpg 300w, https:\/\/turm-lahnstein.de\/wp-content\/uploads\/2018\/01\/p1000046-1024x768.jpg 1024w, https:\/\/turm-lahnstein.de\/wp-content\/uploads\/2018\/01\/p1000046-768x576.jpg 768w\" sizes=\"(max-width: 300px) 100vw, 300px\" \/>Die Rheinlandmeisterschaften 2018 in Traben-Trabach sind vor\u00fcber und wie immer m\u00f6chten wir aus Lahnsteiner Sicht eine kleine Bilanz ziehen. Wir waren mit 10 Teilnehmern dabei. Dies entspricht in etwa der Lahnsteiner bei Rheinlandmeisterschaften in den letzten Jahren, in denen wir immer zwischen 9 und 11 Teilnehmer hatten. 2018 war das bei einer Gesamtzahl von 91 mehr als 10%. <\/span><\/p>\n<p><span style=\"color:#000000;font-family:Calibri;\">Von allen Vereinen im Rheinland stellte nur die SG Trier mehr Teilnehmer. Von daher k\u00f6nnen wir durchaus zufrieden sein. Titel konnten wir dieses Jahr keine erreichen sieht man von der U18w ab, in der es nur 2 Teilnehmerin gab. Es gab aber einige Medaillenr\u00e4nge und viele gute Platzierungen. Es k\u00f6nnen nat\u00fcrlich nie alle immer am Limit spielen, aber alle unsere 10 Teilnehmer haben ihr Bestes gegeben und sportlich fair ihre Spiele beendet. Klar gab es auch Platzierungen, die nicht ganz zufrieden stellen k\u00f6nnen, aber das m\u00fcssen wir Sportler und Trainer immer mal akzeptieren.<\/span><!--more--><\/p>\n<p><span style=\"color:#000000;font-family:Calibri;\">In der U10 spielten unsere beiden M\u00e4dchen Franziska und Johanna mit. Johanna lie\u00df in der ersten Runde aufhorchen, als sie das bestgesetzte M\u00e4dchen schlagen konnte. Das war schon eine echte \u00dcberraschung. Das Tempo konnte sie nicht ganz halten, mit 3 Punkten aus 7 Runden, als immer noch eine der j\u00fcngeren Spielerinnen, war das aber ein richtig gutes Turnier. Franziska lag vor der Schlussrunde mit 4 Punkten einen halben Z\u00e4hler vor 2 Verfolgerinnen. W\u00e4hrend sie mit Ennio Klar aus Bendorf einen der Wertungsbesten zugelost bekam hatte die Konkurrenz machbare Aufgaben. Obwohl wir vor der Partie nochmal etwas besprachen funktionierte dies leider nicht und Franziska fiel auf einen immer noch tollen 3.Platz zur\u00fcck.<\/span><\/p>\n<p><span style=\"color:#000000;font-family:Calibri;\">In der U12 stellten wir ~ 30%\u00a0 aller Teilnehmer, dabei war die Ausgangslage recht unterschiedlich. F\u00fcr Zehra sollte es sehr schwer werden. In einigen Partien konnte sie lange mithalten, aber sie hat immer wieder so einen echten Aussetzerzug drin, der die Partie entscheidet. Wenn sie daran arbeitet, holt sie in den Turnieren sicher mehr Punkte. Christian und Simon waren auch im unteren \u00a0Drittel gesetzt. Beide waren immer recht schnell durch. Gerade bei Christian, der in den letzten Wochen etwas Turniererfahrung sammeln konnte, h\u00e4tte ich mir mehr Konzentration gew\u00fcnscht. Ich denke er selbst ist mit den 2,5 Punkten auch nicht ganz zufrieden. Obwohl Simon genau so flott war, lief es bei ihm etwas besser. Mit einem Schlussrundensieg h\u00e4tte er sogar unter die ersten 10 (von 23) springen k\u00f6nnen und die Chancen am Brett waren lange da. Er hatte bei guter Stellung einfach einen L\u00e4ufer mehr und auch nachdem er diesen\u00a0leichtfertig wieder abgab, stand er noch deutlich besser. Eine Serie von ung\u00fcnstigen Z\u00fcgen brachte ihn aber endg\u00fcltig auf die Verliererstra\u00dfe und es blieb bei 3 Punkten. Lasse, an 9 gesetzt, traute ich den Sprung nach vorne zu und den machte er auch. Lediglich gegen die Favoriten sollte es nach hartem Kampf nicht ganz reichen.\u00a0 In der Schlussrunde musste David alles geben um Lasse niederzuringen. Mit dem 6.Platz wird Lasse ganz sicher bei den Rheinland-Pfalzmeisterschaften dabei sein und mal schauen was dort m\u00f6glich ist. David war an 2 gesetzt und hatte im letzten halben Jahr eine Serie starker Turniere hingelegt. Vielleicht braucht er auch mal ein paar Tage Pause, weil er wirkte ein wenig \u00fcberspielt, gehen seine Partien doch meist \u00fcber die volle Distanz. Was ihm lange gegen Gleichaltrige half wurde hier ein wenig zum Problem, die Zeit. Beispielsweise in der 5. Runde als er in einfach gewonnener Stellung mit 3 Sekunden Rest Remis geben musste. Mit seiner Kampfkraft konnte er dann doch noch nach Feinwertung den Bronzeplatz sichern. Den verlor nach einem richtig guten Turnier ausgerechnet Joshua. Sein Spiel ist kompromisslos und er achtet wenig, manchmal zu wenig, auf seine Bauern. In der Schlussrunde h\u00e4tte ihm ein Remis f\u00fcr Silber gereicht, Joshua wollte es aber wissen und gab fr\u00fch einen Bauern f\u00fcr Angriff. Die Stellung war sicher lange aussichtsreich, aber der Gegner konnte seine Bem\u00fchungen abwehren und das Materialplus verwerten. Mich freute vor allem, dass er in den Spitzenpartien sich mal richtig reinklemmte. Das ein Schritt nach vorne und hoffentlich \u00fcbt er ein wenig f\u00fcr die bevorstehende Rhl-Pfalzmeisterschaft. <\/span><\/p>\n<p><span style=\"color:#000000;font-family:Calibri;\">In der U16 war Noel bei 16 Teilnehmern an 15 gesetzt. Sie bewies, dass man mit der richtigen Einstellung, dann durchaus kein Opfer sein muss, im Gegenteil. Sie gewann die Runden 2,3 und 4 und war pl\u00f6tzlich mit ganz vorne. In Runde 6 musste sie dann ins vorentscheidende Duell um den Damentitel gegen\u00a0 La Quynh Trang von der SG Trier. Es wurde eine taktisch stark gef\u00fchrte Partie beider Spielerinnen mit einem leistungsgerechten Remis. Die Entscheidung musste dann im Fernduell in der Schlussrunde fallen. Die Chancen waren unterschiedliche verteilt. Noel wurde hochgelost und ihre Konkurrentin nach unten. Thomas Riedel vom VFR war dann noch eine Nummer zu gro\u00df, sie konnte sicher aber \u00fcber einen tollen 2.Platz bei den Damen\u00a0 freuen.<\/span><\/p>\n<p><span style=\"color:#000000;font-family:Calibri;\">Wie in Vorberichten schon erw\u00e4hnt spielte die U18 mit der U25, was nat\u00fcrlich zu diversen Diskussionen f\u00fchrte. So wurde das Beispiel angef\u00fchrt, dass zum Beispiel die beiden Trierer in der Schlussrunde gegeneinander spielen k\u00f6nnten und der hohe Favorit Pascal Barzen dem Underdog S\u00f6ren Rauch etwas g\u00f6nnt im Hinblick auf eine Nominierung zur Rheinland-Pfalzmeisterschaft. Tats\u00e4chlich kam die Auslosung so zu Stande, aber die Trierer spielten fair (!), was nicht selbstverst\u00e4ndlich ist. Vielleicht war mehr das Problem, dass nur 9 \u00a0U18er sich f\u00fcr eine Rheinlandmeisterschaft gemeldet haben. Mit den 4 U25er hatte man dann noch eine ungerade Zahl an Spielern und klar in der letzten Runde bekommt ein Spieler mit 3 Punkten Freilos und springt nach oben. Wie kann man das \u00e4ndern? Mein Vorschlag w\u00e4re auch das U18er Turnier zu \u00f6ffnen, um vielleicht ein paar Teilnehmer mehr zu bekommen. Ach ja\u2026.. wie Sabrina gespielt hat? Sehr ordentlich ohne Highlight. Gegen die Top 3, mit deutlich h\u00f6herer DWZ, reichte es noch nicht, obwohl die Partien nicht schlecht waren. Nach unten gab sie aber auch kaum etwas ab.<\/span><\/p>\n<p><span style=\"color:#000000;font-family:Calibri;\">Bei der U10\/U12 werden die Rheinland-Pfalzmeisterschaften in Lahnstein stattfinden. Wir freuen uns, die st\u00e4rksten Spieler des Landes als G\u00e4ste begr\u00fc\u00dfen zu d\u00fcrfen.<\/span><\/p>\n<p>Link zum Turnier:\u00a0<a href=\"http:\/\/www.schachjugend-rheinland.de\/?Turniere___Einzelmeisterschaften_2018\" target=\"_blank\" rel=\"noopener noreferrer\">http:\/\/www.schachjugend-rheinland.de\/?Turniere___Einzelmeisterschaften_2018<\/a><\/p>\n<div id='gallery-1' class='gallery galleryid-3447 gallery-columns-3 gallery-size-medium'><figure class='gallery-item'>\n\t\t\t<div class='gallery-icon landscape'>\n\t\t\t\t<a href='https:\/\/turm-lahnstein.de\/?attachment_id=3449'><img loading=\"lazy\" decoding=\"async\" width=\"300\" height=\"225\" src=\"https:\/\/turm-lahnstein.de\/wp-content\/uploads\/2018\/01\/p1000043-300x225.jpg\" class=\"attachment-medium size-medium\" alt=\"\" srcset=\"https:\/\/turm-lahnstein.de\/wp-content\/uploads\/2018\/01\/p1000043-300x225.jpg 300w, https:\/\/turm-lahnstein.de\/wp-content\/uploads\/2018\/01\/p1000043-1024x768.jpg 1024w, https:\/\/turm-lahnstein.de\/wp-content\/uploads\/2018\/01\/p1000043-768x576.jpg 768w, https:\/\/turm-lahnstein.de\/wp-content\/uploads\/2018\/01\/p1000043.jpg 1200w\" sizes=\"(max-width: 300px) 100vw, 300px\" \/><\/a>\n\t\t\t<\/div><\/figure><figure class='gallery-item'>\n\t\t\t<div class='gallery-icon landscape'>\n\t\t\t\t<a href='https:\/\/turm-lahnstein.de\/?attachment_id=3450'><img loading=\"lazy\" decoding=\"async\" width=\"300\" height=\"225\" src=\"https:\/\/turm-lahnstein.de\/wp-content\/uploads\/2018\/01\/p1000048-300x225.jpg\" class=\"attachment-medium size-medium\" alt=\"\" srcset=\"https:\/\/turm-lahnstein.de\/wp-content\/uploads\/2018\/01\/p1000048-300x225.jpg 300w, https:\/\/turm-lahnstein.de\/wp-content\/uploads\/2018\/01\/p1000048-1024x768.jpg 1024w, https:\/\/turm-lahnstein.de\/wp-content\/uploads\/2018\/01\/p1000048-768x576.jpg 768w, https:\/\/turm-lahnstein.de\/wp-content\/uploads\/2018\/01\/p1000048.jpg 1200w\" sizes=\"(max-width: 300px) 100vw, 300px\" \/><\/a>\n\t\t\t<\/div><\/figure><figure class='gallery-item'>\n\t\t\t<div class='gallery-icon landscape'>\n\t\t\t\t<a href='https:\/\/turm-lahnstein.de\/?attachment_id=3451'><img loading=\"lazy\" decoding=\"async\" width=\"300\" height=\"225\" src=\"https:\/\/turm-lahnstein.de\/wp-content\/uploads\/2018\/01\/p1000054-300x225.jpg\" class=\"attachment-medium size-medium\" alt=\"\" srcset=\"https:\/\/turm-lahnstein.de\/wp-content\/uploads\/2018\/01\/p1000054-300x225.jpg 300w, https:\/\/turm-lahnstein.de\/wp-content\/uploads\/2018\/01\/p1000054-1024x768.jpg 1024w, https:\/\/turm-lahnstein.de\/wp-content\/uploads\/2018\/01\/p1000054-768x576.jpg 768w, https:\/\/turm-lahnstein.de\/wp-content\/uploads\/2018\/01\/p1000054.jpg 1200w\" sizes=\"(max-width: 300px) 100vw, 300px\" \/><\/a>\n\t\t\t<\/div><\/figure><figure class='gallery-item'>\n\t\t\t<div class='gallery-icon landscape'>\n\t\t\t\t<a href='https:\/\/turm-lahnstein.de\/?attachment_id=3452'><img loading=\"lazy\" decoding=\"async\" width=\"300\" height=\"225\" src=\"https:\/\/turm-lahnstein.de\/wp-content\/uploads\/2018\/01\/p1000057-300x225.jpg\" class=\"attachment-medium size-medium\" alt=\"\" srcset=\"https:\/\/turm-lahnstein.de\/wp-content\/uploads\/2018\/01\/p1000057-300x225.jpg 300w, https:\/\/turm-lahnstein.de\/wp-content\/uploads\/2018\/01\/p1000057-1024x768.jpg 1024w, https:\/\/turm-lahnstein.de\/wp-content\/uploads\/2018\/01\/p1000057-768x576.jpg 768w, https:\/\/turm-lahnstein.de\/wp-content\/uploads\/2018\/01\/p1000057.jpg 1200w\" sizes=\"(max-width: 300px) 100vw, 300px\" \/><\/a>\n\t\t\t<\/div><\/figure>\n\t\t<\/div>\n\n<p>&nbsp;<\/p>\n<p>&nbsp;<\/p>\n","protected":false},"excerpt":{"rendered":"<p>Die Rheinlandmeisterschaften 2018 in Traben-Trabach sind vor\u00fcber und wie immer m\u00f6chten wir aus Lahnsteiner Sicht eine kleine Bilanz ziehen. Wir waren mit 10 Teilnehmern dabei. Dies entspricht in etwa der [&hellip;]<\/p>\n","protected":false},"author":4,"featured_media":0,"comment_status":"open","ping_status":"open","sticky":false,"template":"","format":"standard","meta":{"footnotes":""},"categories":[1],"tags":[],"_links":{"self":[{"href":"https:\/\/turm-lahnstein.de\/index.php?rest_route=\/wp\/v2\/posts\/3447"}],"collection":[{"href":"https:\/\/turm-lahnstein.de\/index.php?rest_route=\/wp\/v2\/posts"}],"about":[{"href":"https:\/\/turm-lahnstein.de\/index.php?rest_route=\/wp\/v2\/types\/post"}],"author":[{"embeddable":true,"href":"https:\/\/turm-lahnstein.de\/index.php?rest_route=\/wp\/v2\/users\/4"}],"replies":[{"embeddable":true,"href":"https:\/\/turm-lahnstein.de\/index.php?rest_route=%2Fwp%2Fv2%2Fcomments&post=3447"}],"version-history":[{"count":0,"href":"https:\/\/turm-lahnstein.de\/index.php?rest_route=\/wp\/v2\/posts\/3447\/revisions"}],"wp:attachment":[{"href":"https:\/\/turm-lahnstein.de\/index.php?rest_route=%2Fwp%2Fv2%2Fmedia&parent=3447"}],"wp:term":[{"taxonomy":"category","embeddable":true,"href":"https:\/\/turm-lahnstein.de\/index.php?rest_route=%2Fwp%2Fv2%2Fcategories&post=3447"},{"taxonomy":"post_tag","embeddable":true,"href":"https:\/\/turm-lahnstein.de\/index.php?rest_route=%2Fwp%2Fv2%2Ftags&post=3447"}],"curies":[{"name":"wp","href":"https:\/\/api.w.org\/{rel}","templated":true}]}}