{"id":3429,"date":"2018-01-02T20:19:52","date_gmt":"2018-01-02T20:19:52","guid":{"rendered":"https:\/\/turmlahnstein.wordpress.com\/?p=3429"},"modified":"2018-01-02T20:19:52","modified_gmt":"2018-01-02T20:19:52","slug":"jugendrheinlandmeisterschaften-2018","status":"publish","type":"post","link":"https:\/\/turm-lahnstein.de\/?p=3429","title":{"rendered":"Jugendrheinlandmeisterschaften 2018"},"content":{"rendered":"<p><img loading=\"lazy\" decoding=\"async\" class=\"alignright size-medium wp-image-3430\" src=\"https:\/\/turm-lahnstein.de\/wp-content\/uploads\/2018\/01\/p1000045.jpg?w=300\" alt=\"\" width=\"300\" height=\"225\" srcset=\"https:\/\/turm-lahnstein.de\/wp-content\/uploads\/2018\/01\/p1000045.jpg 1500w, https:\/\/turm-lahnstein.de\/wp-content\/uploads\/2018\/01\/p1000045-300x225.jpg 300w, https:\/\/turm-lahnstein.de\/wp-content\/uploads\/2018\/01\/p1000045-1024x768.jpg 1024w, https:\/\/turm-lahnstein.de\/wp-content\/uploads\/2018\/01\/p1000045-768x576.jpg 768w\" sizes=\"(max-width: 300px) 100vw, 300px\" \/>Wenn sich Sportler vor Weihnachten geruhsame Tage w\u00fcnschen sind sicher keine Schachspieler dabei. Nach der DVM und zahlreichen Open zwischen Weihnachten und Neujahr f\u00e4ngt traditionell die Schachjugendrheinlandmeisterschaft am 2.1. mit den \u00e4lteren Jahrg\u00e4ngen an. Unsere Jugendlichen sind dieses Jahr zu Gast in der Jugendherberge Traben-Trabach.<!--more--><\/p>\n<p>In der U16 spielt Noel mit. Ihr Ziel ist es noch einmal den Sprung in die n\u00e4chste Runde zu schaffen. In dem starken Feld wird es sicher sehr schwer, Noel ist aber durchaus in der Lage sich da durchzuk\u00e4mpfen. In der ersten Runde war sie hinten gesetzt und versuchte es als Schwarzer mit einem k\u00f6nigsindischen Aufbau. Dabei fehlte ihr ein wenig das Gegenspiel und der Gegner konnte langsam aber sicher seine Stellung verst\u00e4rken. Ein Bauernverlust und der Einbruch eines Turmes waren nicht zu vermeiden. Der n\u00e4chste Gegner ist sicher nicht ganz so stark und wir hoffen sie nutzt ihre Chancen. Die U18 spielt mit der U25 in einem Turnier. Die U25 sollte erstmals als eigenes Turnier stattfinden. Leider kamen die ben\u00f6tigten 8 Spieler nicht zusammen und so mussten die Altersgruppen zusammen gelegt werden. Ich finde die Idee auch \u00e4ltere Jugendliche eine Teilnahme zu erm\u00f6glichen gut und hoffentlich wird diese Idee nicht wieder begraben. In dem dadurch sehr starken Feld ist Sabrina an 4 gesetzt. In der ersten Runde siegte sie doch recht sicher auch wenn ihre Zeiteinteilung wieder recht knapp angelegt war.<\/p>\n<p>Die Jahrg\u00e4nge U10 und U12 beginnen am Donnerstag (4.1.) und dann kommen weitere\u00a08 Lahnsteiner hinzu. Wir dr\u00fccken allen die Daumen.<\/p>\n<p>Ergebnisse gibt es hier:\u00a0<a href=\"http:\/\/www.schachjugend-rheinland.de\/?Turniere___Einzelmeisterschaften_2018\" target=\"_blank\" rel=\"noopener noreferrer\">http:\/\/www.schachjugend-rheinland.de\/?Turniere___Einzelmeisterschaften_2018<\/a><\/p>\n<p>&nbsp;<\/p>\n","protected":false},"excerpt":{"rendered":"<p>Wenn sich Sportler vor Weihnachten geruhsame Tage w\u00fcnschen sind sicher keine Schachspieler dabei. Nach der DVM und zahlreichen Open zwischen Weihnachten und Neujahr f\u00e4ngt traditionell die Schachjugendrheinlandmeisterschaft am 2.1. mit [&hellip;]<\/p>\n","protected":false},"author":4,"featured_media":0,"comment_status":"open","ping_status":"open","sticky":false,"template":"","format":"standard","meta":{"footnotes":""},"categories":[1],"tags":[],"_links":{"self":[{"href":"https:\/\/turm-lahnstein.de\/index.php?rest_route=\/wp\/v2\/posts\/3429"}],"collection":[{"href":"https:\/\/turm-lahnstein.de\/index.php?rest_route=\/wp\/v2\/posts"}],"about":[{"href":"https:\/\/turm-lahnstein.de\/index.php?rest_route=\/wp\/v2\/types\/post"}],"author":[{"embeddable":true,"href":"https:\/\/turm-lahnstein.de\/index.php?rest_route=\/wp\/v2\/users\/4"}],"replies":[{"embeddable":true,"href":"https:\/\/turm-lahnstein.de\/index.php?rest_route=%2Fwp%2Fv2%2Fcomments&post=3429"}],"version-history":[{"count":0,"href":"https:\/\/turm-lahnstein.de\/index.php?rest_route=\/wp\/v2\/posts\/3429\/revisions"}],"wp:attachment":[{"href":"https:\/\/turm-lahnstein.de\/index.php?rest_route=%2Fwp%2Fv2%2Fmedia&parent=3429"}],"wp:term":[{"taxonomy":"category","embeddable":true,"href":"https:\/\/turm-lahnstein.de\/index.php?rest_route=%2Fwp%2Fv2%2Fcategories&post=3429"},{"taxonomy":"post_tag","embeddable":true,"href":"https:\/\/turm-lahnstein.de\/index.php?rest_route=%2Fwp%2Fv2%2Ftags&post=3429"}],"curies":[{"name":"wp","href":"https:\/\/api.w.org\/{rel}","templated":true}]}}