{"id":342,"date":"2013-01-13T10:55:50","date_gmt":"2013-01-13T10:55:50","guid":{"rendered":"http:\/\/turmlahnstein.wordpress.com\/?p=342"},"modified":"2013-01-13T10:55:50","modified_gmt":"2013-01-13T10:55:50","slug":"erfolgreicher-start-ins-jahr","status":"publish","type":"post","link":"https:\/\/turm-lahnstein.de\/?p=342","title":{"rendered":"Ein erfolgreicher Start ins neue Jahr!"},"content":{"rendered":"<p><img loading=\"lazy\" decoding=\"async\" class=\"size-full wp-image-343 alignright\" alt=\"bklasse7\" src=\"https:\/\/turm-lahnstein.de\/wp-content\/uploads\/2013\/01\/bklasse7.jpg\" width=\"300\" height=\"225\" \/><br \/>\nDas Jahr endete mit einem wichtigen Sieg f\u00fcr Lahnsteiner Mannschaften und das neue Jahr fing mit zwei Siegen an: In G\u00fcls war unsere F\u00fcnfte erfolgreich, w\u00e4hrend die Dritte f\u00fcr eine faustdicke \u00dcberraschung gegen Einrich sorgte!<\/p>\n<p><a href=\"http:\/\/www.ergebnisdienst.net\/2012_2013\/abfrage.php?liga=812_31\" target=\"_blank\" rel=\"noopener noreferrer\">[Ergebnisse B-Klasse]<\/a> <a href=\"http:\/\/www.ergebnisdienst.net\/2012_2013\/abfrage.php?liga=812_11\" target=\"_blank\" rel=\"noopener noreferrer\">[Ergebnisse Bezirksliga] <\/a><\/p>\n<p><!--more--><\/p>\n<p>Den Grundstein des Erfolgs legte Niklas mit einer sch\u00f6nen Falle &#8211; Dame gewonnen, lie\u00df er nichts mehr anbrennen. Doch der erste Punkt ging auf unser Konto durch Noel, die ihren Materialvorteil kontinuierlich durch feine taktische Tricks ausbaute und nat\u00fcrlich kein Problem\u00a0 beim Treppenmatt hatte. 5 Minuten und ca. 90 Z\u00fcge sp\u00e4ter stand es jedoch 1:1 &#8211; Elsin und sein gleichgesinnter Gegner zockten, als sei das Nachdenken beim Schach strengstens verboten, mit dem gl\u00fccklicheren Ausgang f\u00fcr die Gastgeber. In der Zwischenzeit feierte Lars einen Start-Ziel-Sieg mit einem Bauerndruchbruch und da kurz darauf\u00a0 auch Niklas seinen z\u00e4hen Gegner mattsetzte machte wir uns auf den Heimweg mit 2 Mannschaftspunkten im Gep\u00e4ck.<\/p>\n<p>Von gro\u00dfen Personalsorgen geplagt reiste unsere Dritte zum Spiel gegen die Aufstiegsfavoriten aus Einrich. Und die Weichen f\u00fcr die Niederlage waren schnell gestellt: Unsere Geheimwaffe Gerhard musste schon fr\u00fch den ganzen Punkt abgeben. Doch zuerst hatte Jan-Philipp etwas dagegen: Am 4. Brett (!) machte er einen kurzen Prozess mit seinem Gegner zum 1:1. Auch Alina fackelte nicht lange und holte ihren ersten Sieg in der Bezirksliga &#8211; 2:1, Kurt und Achim -4:1! Alexander steuerte das notwendige 4.5:1.5 bei. Anschlie\u00dfend erh\u00f6hte Sabrina auf 5.5:2.5.<\/p>\n<p>Durch diesen Sieg wurde die Dritte auf den zweiten Platz katapultiert, doch unglaublicherweise ist man drei Runden vor Schluss immer noch (leicht) abstiegsgef\u00e4hrdet&#8230;<\/p>\n","protected":false},"excerpt":{"rendered":"<p>Das Jahr endete mit einem wichtigen Sieg f\u00fcr Lahnsteiner Mannschaften und das neue Jahr fing mit zwei Siegen an: In G\u00fcls war unsere F\u00fcnfte erfolgreich, w\u00e4hrend die Dritte f\u00fcr eine [&hellip;]<\/p>\n","protected":false},"author":2,"featured_media":0,"comment_status":"open","ping_status":"open","sticky":false,"template":"","format":"standard","meta":{"footnotes":""},"categories":[5,6],"tags":[81,71,74,96,106,85,52,109,98,78],"_links":{"self":[{"href":"https:\/\/turm-lahnstein.de\/index.php?rest_route=\/wp\/v2\/posts\/342"}],"collection":[{"href":"https:\/\/turm-lahnstein.de\/index.php?rest_route=\/wp\/v2\/posts"}],"about":[{"href":"https:\/\/turm-lahnstein.de\/index.php?rest_route=\/wp\/v2\/types\/post"}],"author":[{"embeddable":true,"href":"https:\/\/turm-lahnstein.de\/index.php?rest_route=\/wp\/v2\/users\/2"}],"replies":[{"embeddable":true,"href":"https:\/\/turm-lahnstein.de\/index.php?rest_route=%2Fwp%2Fv2%2Fcomments&post=342"}],"version-history":[{"count":0,"href":"https:\/\/turm-lahnstein.de\/index.php?rest_route=\/wp\/v2\/posts\/342\/revisions"}],"wp:attachment":[{"href":"https:\/\/turm-lahnstein.de\/index.php?rest_route=%2Fwp%2Fv2%2Fmedia&parent=342"}],"wp:term":[{"taxonomy":"category","embeddable":true,"href":"https:\/\/turm-lahnstein.de\/index.php?rest_route=%2Fwp%2Fv2%2Fcategories&post=342"},{"taxonomy":"post_tag","embeddable":true,"href":"https:\/\/turm-lahnstein.de\/index.php?rest_route=%2Fwp%2Fv2%2Ftags&post=342"}],"curies":[{"name":"wp","href":"https:\/\/api.w.org\/{rel}","templated":true}]}}