{"id":339,"date":"2013-01-12T11:36:13","date_gmt":"2013-01-12T11:36:13","guid":{"rendered":"http:\/\/turmlahnstein.wordpress.com\/?p=339"},"modified":"2013-01-12T11:36:13","modified_gmt":"2013-01-12T11:36:13","slug":"vm-startet","status":"publish","type":"post","link":"https:\/\/turm-lahnstein.de\/?p=339","title":{"rendered":"VM startet"},"content":{"rendered":"<p><img loading=\"lazy\" decoding=\"async\" class=\"size-full wp-image-340 alignleft\" alt=\"vm2013\" src=\"https:\/\/turm-lahnstein.de\/wp-content\/uploads\/2013\/01\/vm2013.jpg\" width=\"300\" height=\"225\" \/>Selten wurde in der ersten Runde der VM so lange und so hart gek\u00e4mpft! Als erster Gewann Friedhelm nach gegen den f\u00fcr ihn so unbequemen Kurt, obwohl es zwischendurch nicht nach einem schnellen Sieg aussah&#8230;<\/p>\n<p><!--more--><\/p>\n<p>Alina sorgte f\u00fcr die erste \u00dcberraschung gegen Peter Schreieck, als sie die Stellung souver\u00e4n im Gleichgewicht halten konnte &#8211; Remis! In der Zwischenzeit r\u00fcckte Elmar einem vollen Punkt immer n\u00e4her, doch seiner n\u00e4hernde Zeitnot zwang ihn zu schnellen unbedachten Z\u00fcgen &#8211; und solche Gelegenheiten l\u00e4sst Herr Sefeloge nicht aus. Spannendes Spiel mit dem besseren Ende f\u00fcr den Favoriten.<\/p>\n<p>Stephan musste gegen abgekl\u00e4rt aufspielenden Werner ins Remis einwilligen und so sah die letzte halbe Stunde der Runde zwei Partien mit total unklaren Stellungen: Gerhard lieferte Ralf mehr als einen w\u00fcrdigen Kampf, doch am Ende fehlte, wie so oft, nur ein Zug im die Verteidigung in Ordnung zu bringen &#8211; hartumk\u00e4mpfter Punkt f\u00fcr den Mitfavoriten auf den Titel.<\/p>\n<p>So richteten sich alle Augen auf das \u00fcbrig gebliebene Spiel: Sabrina hatte eine Quali mehr aber auch nur noch wenige Minuten auf der Uhr &#8211; sie haben jedoch gereicht um einen neue Dame und die gr\u00f6\u00dfte \u00dcberraschung zu holen!<\/p>\n<p>Die Auftaktrunde verspricht ein sehr interessantes Turnier!<\/p>\n<p>&nbsp;<\/p>\n<p><strong>Ergebnisse 1. Runde:<\/strong><\/p>\n<p>Friedhelm Schneider &#8211; Kurt Sanner \u00a0 1:0<br \/>\nWerner Sonnhoff &#8211; Stephan B\u00fcchner \u00a0 r<br \/>\nRalf Teichgr\u00e4ber &#8211; Gerhard Reznik \u00a0 1:0<br \/>\nSabrina Ley &#8211; Norbert Niechoj \u00a0 1:0<br \/>\nPeter Schreieck &#8211; Alina Usczeck \u00a0 r<br \/>\nElmar Wiskirchen &#8211; Michael Sefeloge \u00a0 0:1<\/p>\n<p><strong>Auslosung 2. Runde:<\/strong><\/p>\n<p>Michael Sefeloge &#8211; Friedhelm Schneider<br \/>\nSabrina Ley &#8211; Ralf Teichgr\u00e4ber<br \/>\nStephan B\u00fcchner &#8211; Peter Schreieck<br \/>\nAlina Usczeck &#8211; Werner Sonnhoff<br \/>\nNorbert Niechoj &#8211; Gerhard Reznik<br \/>\nKurt Sanner &#8211; Elmar Wiekirchen<\/p>\n<p>&nbsp;<\/p>\n","protected":false},"excerpt":{"rendered":"<p>Selten wurde in der ersten Runde der VM so lange und so hart gek\u00e4mpft! Als erster Gewann Friedhelm nach gegen den f\u00fcr ihn so unbequemen Kurt, obwohl es zwischendurch nicht [&hellip;]<\/p>\n","protected":false},"author":2,"featured_media":0,"comment_status":"open","ping_status":"open","sticky":false,"template":"","format":"standard","meta":{"footnotes":""},"categories":[10],"tags":[33,60,75,78,105],"_links":{"self":[{"href":"https:\/\/turm-lahnstein.de\/index.php?rest_route=\/wp\/v2\/posts\/339"}],"collection":[{"href":"https:\/\/turm-lahnstein.de\/index.php?rest_route=\/wp\/v2\/posts"}],"about":[{"href":"https:\/\/turm-lahnstein.de\/index.php?rest_route=\/wp\/v2\/types\/post"}],"author":[{"embeddable":true,"href":"https:\/\/turm-lahnstein.de\/index.php?rest_route=\/wp\/v2\/users\/2"}],"replies":[{"embeddable":true,"href":"https:\/\/turm-lahnstein.de\/index.php?rest_route=%2Fwp%2Fv2%2Fcomments&post=339"}],"version-history":[{"count":0,"href":"https:\/\/turm-lahnstein.de\/index.php?rest_route=\/wp\/v2\/posts\/339\/revisions"}],"wp:attachment":[{"href":"https:\/\/turm-lahnstein.de\/index.php?rest_route=%2Fwp%2Fv2%2Fmedia&parent=339"}],"wp:term":[{"taxonomy":"category","embeddable":true,"href":"https:\/\/turm-lahnstein.de\/index.php?rest_route=%2Fwp%2Fv2%2Fcategories&post=339"},{"taxonomy":"post_tag","embeddable":true,"href":"https:\/\/turm-lahnstein.de\/index.php?rest_route=%2Fwp%2Fv2%2Ftags&post=339"}],"curies":[{"name":"wp","href":"https:\/\/api.w.org\/{rel}","templated":true}]}}