{"id":3354,"date":"2017-12-20T17:39:02","date_gmt":"2017-12-20T17:39:02","guid":{"rendered":"https:\/\/turmlahnstein.wordpress.com\/?p=3354"},"modified":"2017-12-20T17:39:02","modified_gmt":"2017-12-20T17:39:02","slug":"vereinspokal-2017-friedhelm-schneider-verteidigt-seinen-titel","status":"publish","type":"post","link":"https:\/\/turm-lahnstein.de\/?p=3354","title":{"rendered":"Vereinspokal 2017 Friedhelm Schneider verteidigt seinen Titel"},"content":{"rendered":"<p><img loading=\"lazy\" decoding=\"async\" class=\"alignright size-full wp-image-61\" src=\"https:\/\/turmlahnstein.files.wordpress.com\/2012\/09\/pokal.jpg\" alt=\"\" width=\"118\" height=\"235\" \/>Von Turnierleiter Michael Sefeloge:<\/p>\n<p>Mit 14 Teilnehmer\/innen waren unsere Pokalspiele diesmal ganz gut besetzt. Sieben Jugendliche und sieben Erwachsene bildeten ein ausgewogenes Feld. Die freie Auslosung bringt es ja so mit sich, dass schon zu Beginn starke Spieler gegeneinander antreten m\u00fcssen, w\u00e4hrend die Anderen, durch Auslosung und Freilos beg\u00fcnstigt, jetzt schon im Halbfinale stehen. Aber gerade das macht ja den Reiz der Pokalspiele aus.<!--more--><\/p>\n<p>Taktieren war an diesem Abend nicht angesagt, es gab keine Remisen. Nach anderthalb Stunden war alles entschieden.<\/p>\n<p>Hier die Ergebnisse der 1. Runde:<\/p>\n<table>\n<tbody>\n<tr>\n<td width=\"190\">Noel Bendel<\/td>\n<td width=\"185\">0:1<\/td>\n<td width=\"190\"><strong>David Meuer<\/strong><\/td>\n<\/tr>\n<tr>\n<td width=\"190\"><strong>Kurt Sanner<\/strong><\/td>\n<td width=\"185\">1:0<\/td>\n<td width=\"190\">Norbert Niechoj<\/td>\n<\/tr>\n<tr>\n<td width=\"190\">Colin Klinkner<\/td>\n<td width=\"185\">0:1<\/td>\n<td width=\"190\"><strong>Friedhelm Schneider<\/strong><\/td>\n<\/tr>\n<tr>\n<td width=\"190\">Ismail Smakic<\/td>\n<td width=\"185\">0:1<\/td>\n<td width=\"190\"><strong>Tomislav Vekic<\/strong><\/td>\n<\/tr>\n<tr>\n<td width=\"190\"><strong>Jakub Rezakovic<\/strong><\/td>\n<td width=\"185\">1:0<\/td>\n<td width=\"190\">Joshua Lenz<\/td>\n<\/tr>\n<tr>\n<td width=\"190\">Werner Sonnhoff<\/td>\n<td width=\"185\">0:1<\/td>\n<td width=\"190\"><strong>Peter Schreieck<\/strong><\/td>\n<\/tr>\n<tr>\n<td width=\"190\"><strong>Elsin Smakic<\/strong><\/td>\n<td width=\"185\">1:0<\/td>\n<td width=\"190\">Lena Seelige<\/td>\n<\/tr>\n<\/tbody>\n<\/table>\n<p>&nbsp;<\/p>\n<p>In der n\u00e4chsten Runde konnte David Meuer seine Partie gegen Jakub Rezakovic im Gleichgewicht halten, Remis war die Folge. Im Blitzen setzte sich der Routinier dann aber sicher durch. Friedhelm Schneider gewann fr\u00fch eine Figur, Elsin Smakic spielte aber so lange weiter, bis sein Bl\u00e4ttchen fiel. Und der gut aufgelegte Kurt Sanner holte sich gegen Peter Schreieck jetzt bereits den Zweiten, in der Wertung vor ihm stehenden Skalp.<\/p>\n<ol start=\"2\">\n<li>Runde:<\/li>\n<\/ol>\n<table>\n<tbody>\n<tr>\n<td width=\"190\"><strong>Jakub Rezakovic<\/strong><\/td>\n<td width=\"186\">r\u00a0\u00a0 3:1 Blitz<\/td>\n<td width=\"190\">David Meuer<\/td>\n<\/tr>\n<tr>\n<td width=\"190\"><strong>Kurt Sanner<\/strong><\/td>\n<td width=\"186\">1:0<\/td>\n<td width=\"190\">Peter Schreieck<\/td>\n<\/tr>\n<tr>\n<td width=\"190\">Elsin Smakic<\/td>\n<td width=\"186\">0:1<\/td>\n<td width=\"190\"><strong>Friedhelm Schneider<\/strong><\/td>\n<\/tr>\n<\/tbody>\n<\/table>\n<p>&nbsp;<\/p>\n<p>Freilos: Tomislav Vekic<\/p>\n<ol start=\"3\">\n<li>Runde:<\/li>\n<\/ol>\n<table>\n<tbody>\n<tr>\n<td width=\"190\">Tomislav Vekic<\/td>\n<td width=\"185\">0:1<\/td>\n<td width=\"190\"><strong>Kurt Sanner<\/strong><\/td>\n<\/tr>\n<tr>\n<td width=\"190\">Jakub Rezakovic<\/td>\n<td width=\"185\">0:1<\/td>\n<td width=\"190\"><strong>Friedhelm Schneider<\/strong><\/td>\n<\/tr>\n<\/tbody>\n<\/table>\n<p>&nbsp;<\/p>\n<p>Da die Partien unter der Woche stattfanden, kann ich nur das Endergebnis dieser Runde vermelden. Gl\u00fccksfee Luisa loste dann aus, wer im Finale Wei\u00df erh\u00e4lt.<\/p>\n<p>Endspiel:<\/p>\n<table>\n<tbody>\n<tr>\n<td width=\"189\">Kurt Sanner<\/td>\n<td width=\"186\">0:1<\/td>\n<td width=\"191\"><strong>Friedhelm Schneider<\/strong><\/td>\n<\/tr>\n<\/tbody>\n<\/table>\n<p>&nbsp;<\/p>\n<p>Damit konnte Friedhelm Schneider nicht nur seinen Pokal-Titel verteidigen, f\u00fcr ihn war es bereits der dritte Erfolg bei dieser Veranstaltung. Nach rund 40 Jahren Turnierschach wird der Platz in seinem Pokalschrank so langsam eng.<\/p>\n","protected":false},"excerpt":{"rendered":"<p>Von Turnierleiter Michael Sefeloge: Mit 14 Teilnehmer\/innen waren unsere Pokalspiele diesmal ganz gut besetzt. Sieben Jugendliche und sieben Erwachsene bildeten ein ausgewogenes Feld. Die freie Auslosung bringt es ja so [&hellip;]<\/p>\n","protected":false},"author":4,"featured_media":0,"comment_status":"open","ping_status":"open","sticky":false,"template":"","format":"standard","meta":{"footnotes":""},"categories":[1],"tags":[],"_links":{"self":[{"href":"https:\/\/turm-lahnstein.de\/index.php?rest_route=\/wp\/v2\/posts\/3354"}],"collection":[{"href":"https:\/\/turm-lahnstein.de\/index.php?rest_route=\/wp\/v2\/posts"}],"about":[{"href":"https:\/\/turm-lahnstein.de\/index.php?rest_route=\/wp\/v2\/types\/post"}],"author":[{"embeddable":true,"href":"https:\/\/turm-lahnstein.de\/index.php?rest_route=\/wp\/v2\/users\/4"}],"replies":[{"embeddable":true,"href":"https:\/\/turm-lahnstein.de\/index.php?rest_route=%2Fwp%2Fv2%2Fcomments&post=3354"}],"version-history":[{"count":0,"href":"https:\/\/turm-lahnstein.de\/index.php?rest_route=\/wp\/v2\/posts\/3354\/revisions"}],"wp:attachment":[{"href":"https:\/\/turm-lahnstein.de\/index.php?rest_route=%2Fwp%2Fv2%2Fmedia&parent=3354"}],"wp:term":[{"taxonomy":"category","embeddable":true,"href":"https:\/\/turm-lahnstein.de\/index.php?rest_route=%2Fwp%2Fv2%2Fcategories&post=3354"},{"taxonomy":"post_tag","embeddable":true,"href":"https:\/\/turm-lahnstein.de\/index.php?rest_route=%2Fwp%2Fv2%2Ftags&post=3354"}],"curies":[{"name":"wp","href":"https:\/\/api.w.org\/{rel}","templated":true}]}}