{"id":3337,"date":"2017-11-29T21:03:17","date_gmt":"2017-11-29T21:03:17","guid":{"rendered":"https:\/\/turmlahnstein.wordpress.com\/?p=3337"},"modified":"2017-11-29T21:03:17","modified_gmt":"2017-11-29T21:03:17","slug":"pressebericht-erfolg-im-lokalderby","status":"publish","type":"post","link":"https:\/\/turm-lahnstein.de\/?p=3337","title":{"rendered":"Pressebericht: Erfolg im Lokalderby"},"content":{"rendered":"<p><img loading=\"lazy\" decoding=\"async\" class=\"alignright size-full wp-image-68\" src=\"https:\/\/turmlahnstein.files.wordpress.com\/2012\/09\/friedhelm_col.jpg\" alt=\"\" width=\"254\" height=\"248\" \/>Ein hochspannendes Lokalderby lieferten sich der SV 03\/25 Koblenz III und der Schachverein Turm Lahnstein in der 2. Rheinland-Pfalz-Liga. Alle Partien schlugen mal nach der einen und dann wieder nach der anderen Seite aus, so dass der Ausgang des Wettkampfes auf Messers Schneide stand. <!--more-->Das knappe Endergebnis von 4,5 : 3,5 zugunsten von Lahnstein setzt sich aus drei Gewinnpartien, drei Remisen und zwei Verlustpartien zusammen. Volle Punkte verbuchten Sabrina Ley, Julian Voss und Peter Ley. Unentschieden steuerten Julian Hastrich, Ralf Teichgr\u00e4ber und Stephan B\u00fcchner bei. Dennis Sanner und Bujar Murati mussten sich dieses Mal geschlagen bekennen. Lahnstein h\u00e4lt mit nun 6 : 2 Mannschaftspunkten Anschluss an die Tabellenf\u00fchrung.<\/p>\n<p>Beim Jugendturnier des Schachclubs Bendorf war der Lahnsteiner Verein mit acht Teilnehmern vertreten und dies \u00fcberwiegend in den j\u00fcngeren Altersklassen. In der Altersklasse U 10 platzierten sich Franziska Herbel und Johanna Lenz mit je vier Punkten als F\u00fcnfte und Sechste dicht hinter der Spitzengruppe. In der U 12 spielten gleich vier Lahnsteiner mit. David Meuer konnte diese Altersklasse mit 6,5 Punkten sicher f\u00fcr sich entscheiden. Joshua Lenz und Christian Samtleben sicherten sich mit je f\u00fcnf Punkten die Pl\u00e4tze drei und vier. Auch Jonathan Lenz blieb mit vier Punkten in der oberen H\u00e4lfte. Sipan Aycho konnte mit einem ausgeglichenem Ergebnis von 3,5 Punkten und einem Mittelfeldplatz in der U 14 ebenfalls zufrieden sein. Sabrina Ley war in der speziellen Jugend- und Juniorenklasse U 25 sehr ambitioniert an den Start gegangen. Mit vier Punkten war sie letztlich nicht ganz zufrieden, obwohl sie im vorderen Mittelfeld landete.<\/p>\n","protected":false},"excerpt":{"rendered":"<p>Ein hochspannendes Lokalderby lieferten sich der SV 03\/25 Koblenz III und der Schachverein Turm Lahnstein in der 2. Rheinland-Pfalz-Liga. Alle Partien schlugen mal nach der einen und dann wieder nach [&hellip;]<\/p>\n","protected":false},"author":4,"featured_media":0,"comment_status":"open","ping_status":"open","sticky":false,"template":"","format":"standard","meta":{"footnotes":""},"categories":[1],"tags":[],"_links":{"self":[{"href":"https:\/\/turm-lahnstein.de\/index.php?rest_route=\/wp\/v2\/posts\/3337"}],"collection":[{"href":"https:\/\/turm-lahnstein.de\/index.php?rest_route=\/wp\/v2\/posts"}],"about":[{"href":"https:\/\/turm-lahnstein.de\/index.php?rest_route=\/wp\/v2\/types\/post"}],"author":[{"embeddable":true,"href":"https:\/\/turm-lahnstein.de\/index.php?rest_route=\/wp\/v2\/users\/4"}],"replies":[{"embeddable":true,"href":"https:\/\/turm-lahnstein.de\/index.php?rest_route=%2Fwp%2Fv2%2Fcomments&post=3337"}],"version-history":[{"count":0,"href":"https:\/\/turm-lahnstein.de\/index.php?rest_route=\/wp\/v2\/posts\/3337\/revisions"}],"wp:attachment":[{"href":"https:\/\/turm-lahnstein.de\/index.php?rest_route=%2Fwp%2Fv2%2Fmedia&parent=3337"}],"wp:term":[{"taxonomy":"category","embeddable":true,"href":"https:\/\/turm-lahnstein.de\/index.php?rest_route=%2Fwp%2Fv2%2Fcategories&post=3337"},{"taxonomy":"post_tag","embeddable":true,"href":"https:\/\/turm-lahnstein.de\/index.php?rest_route=%2Fwp%2Fv2%2Ftags&post=3337"}],"curies":[{"name":"wp","href":"https:\/\/api.w.org\/{rel}","templated":true}]}}