{"id":3335,"date":"2017-11-27T15:03:23","date_gmt":"2017-11-27T15:03:23","guid":{"rendered":"https:\/\/turmlahnstein.wordpress.com\/?p=3335"},"modified":"2017-11-27T15:03:23","modified_gmt":"2017-11-27T15:03:23","slug":"ksm-2017","status":"publish","type":"post","link":"https:\/\/turm-lahnstein.de\/?p=3335","title":{"rendered":"KSM 2017"},"content":{"rendered":"<p>Mit der siebten und letzten Runde ging die diesj\u00e4hrige Koblenzer Stadtmeisterschaft zu Ende. Ich selbst freue mich immer nach unserem Jugendtraining unsere fortgeschrittenen Jugendlichen dort beobachten zu k\u00f6nnen. Daneben ist es immer wieder ein Treffen alter Schachbekanntschaften aus der Umgebung.\u00a0 Die Meisterschaft\u00a0 wird gleichzeitig auch als Bezirksmeisterschaft ausgetragen und so ist es schade, dass nur 4 Vereine aus dem Bezirk hier Teilnehmer stellen.<!--more--><\/p>\n<p>Unsere Spieler m\u00f6chte ich neben der letzten Runde auch \u00fcber das gesamte Turnier ein wenig bewerten.<\/p>\n<p>Christian Samtleben: Hinter ihm machte ich bei den Fortgeschrittenen den Schnitt und es war klar, dass er es in dem Turnier nicht einfach haben w\u00fcrde. Es sollte kein erk\u00e4mpfter Punkt bei herauskommen und dennoch bin ich nicht unzufrieden. In den Partien, die ich mitbekommen hat er sich konzentriert und gut gek\u00e4mpft. Das wird ihm in den kommenden wichtigeren Turnieren um die Jahreswende (DVM U10 und Rhl-Meisterschaft U12) sicher helfen.<\/p>\n<p>Ismail Smakic: Der erste erk\u00e4mpfte Punkt in der letzten Partie. Vor zwei Jahren konnte er hier deutlich bessere Spieler besiegen, dieses Jahr \u00fcbersah er einfach zu viel. Das kann er besser.<\/p>\n<p>Lasse Werling: Auch seine Partien sind sehr k\u00e4mpferisch. In der letzten Runde verlor er leider, nachdem es lange ausgeglichen war. Hinten raus fehlt im manchmal ein wenig Durchhalteverm\u00f6gen. Entscheidente einfache Fehler passieren ihm vor allem im Endspiel. Er wird aber sicher lernen die Konzentration weiter hoch zu halten. Auch f\u00fcr ihn eine gute \u00dcbung f\u00fcr kommende Aufgaben. Mit 2,5 Punkte kann er sehr zufrieden sein.<\/p>\n<p>Tomislav Vekic: Kann deutlich h\u00f6her gesetzte Gegner lange auf Distanz halten und verliert im Endspiel oft die \u00dcbersicht. Meist geht hier dann ein Bauer nach dem anderen verloren. Auch in der 7.Runde schien es wieder so zu sein. Das Turmendspiel mit letztlich 2 Bauern weniger war hoffnungslos, aber der Gegner schaffte es dann irgendwie in ein Selbstmatt zu laufen. Tommi kam damit auf sehr gute 3,5 Punkte.<\/p>\n<p>Elsin Smakic: Er k\u00f6nnte als etwas \u00c4lterer schon ein wenig l\u00e4nger nachdenken, vor allem auch \u00fcber gegnerische Drohungen. Er schaut zu sehr nach vorne und ist auch ein guter Kombinierer wenn es um eigene M\u00f6glichkeiten geht. 2,5 Punkte sind durchaus OK.<\/p>\n<p>Colin Klinkner: Passt sich in der Einstellung zu sehr dem Gegner an. Spielt der konzentriert und nimmt sich Zeit, macht es Colin auch so. Wenn dieser aber fahrig die Partie angeht hat er in Colin den richtigen Partner. Colin experimentiert gerne mit Er\u00f6ffnungen, was ich begr\u00fc\u00dfe. In der letzten Runde kam er damit unter die R\u00e4der. Er legte Caro-Kann so an, dass er kein Gegenspiel hatte und verlor.<\/p>\n<p>Joshua Lenz: Einer unserer talentiertesten Spieler. Er hat ein hohes Verst\u00e4ndnis, wenn er sich dann auch die Zeit daf\u00fcr nimmt. In der letzten Runde mit einem sch\u00f6nen K\u00f6nigsangriff und Matt. Gegen die DWZ-Schw\u00e4cheren gewinnt er sicher, der Schritt nach vorne und auch mal einen St\u00e4rkeren zu besiegen bleibt ihm wegen seiner Fahrigkeit verwehrt. Er kommt auch auf 3,5 Punkte, gut, \u00a0aber es geht sicher noch besser.<\/p>\n<p><span style=\"color:#000000;font-family:Calibri;\">David Meuer: Neben seinem Talent sehr trainingsflei\u00dfig und vor allem mit einem riesen Kampfgeist ausgestattet. Wenn ich ~ 90 Minuten nach Start der Runde in den Saal komme sind viele der Jugendlichen schon fertig. Eine Stunde danach, ist unter U14 keiner mehr dabei,\u2026 au\u00dfer David. Der spielt auch bis kurz vor 12 wenn es n\u00f6tig ist und der eine oder andere Favorit bekommt dies zu sp\u00fcren. Er kommt auf 3,5 Punkte und wird seine sehr gute DWZ weiter verbessern.<\/span><\/p>\n<p><span style=\"color:#000000;font-family:Calibri;\">Sabrina Ley: Verteidigt ihren Damentitel mit 5 Punkte und Platz 5. Gibt Punkte nur gegen die 3 Topgesetzten mit 2 Remis und einer Niederlage ab. Nach dem Sturz beim Nibelungen-Open kann sie die verlorene Wertungszahl wieder ausgleichen.<\/span><\/p>\n<p><span style=\"color:#000000;font-family:Calibri;\">Michael Sefeloge: Mit einem gelungenen Angriffssieg beendet er dann doch sichtlich zufrieden das Turnier, dass nicht immer so gelaufen ist wie er es sich vorstellte. Mit 4 Punkten und Platz 20 kann er seinen Setzlistenplatz sogar leicht verbessern.<\/span><\/p>\n<p><span style=\"color:#000000;font-family:Calibri;\">Sieger wurde FM Thomas Roos aus Heimbach-Weis vor dem neuen Bezirksmeister Christian Marquardt. Dem VFR ein Danke f\u00fcr die harmonische Ausrichtung und dem Verpflegungsteam f\u00fcr die leckeren Speisen.<\/span><\/p>\n<p>&nbsp;<\/p>\n","protected":false},"excerpt":{"rendered":"<p>Mit der siebten und letzten Runde ging die diesj\u00e4hrige Koblenzer Stadtmeisterschaft zu Ende. Ich selbst freue mich immer nach unserem Jugendtraining unsere fortgeschrittenen Jugendlichen dort beobachten zu k\u00f6nnen. Daneben ist [&hellip;]<\/p>\n","protected":false},"author":4,"featured_media":0,"comment_status":"open","ping_status":"open","sticky":false,"template":"","format":"standard","meta":{"footnotes":""},"categories":[1],"tags":[],"_links":{"self":[{"href":"https:\/\/turm-lahnstein.de\/index.php?rest_route=\/wp\/v2\/posts\/3335"}],"collection":[{"href":"https:\/\/turm-lahnstein.de\/index.php?rest_route=\/wp\/v2\/posts"}],"about":[{"href":"https:\/\/turm-lahnstein.de\/index.php?rest_route=\/wp\/v2\/types\/post"}],"author":[{"embeddable":true,"href":"https:\/\/turm-lahnstein.de\/index.php?rest_route=\/wp\/v2\/users\/4"}],"replies":[{"embeddable":true,"href":"https:\/\/turm-lahnstein.de\/index.php?rest_route=%2Fwp%2Fv2%2Fcomments&post=3335"}],"version-history":[{"count":0,"href":"https:\/\/turm-lahnstein.de\/index.php?rest_route=\/wp\/v2\/posts\/3335\/revisions"}],"wp:attachment":[{"href":"https:\/\/turm-lahnstein.de\/index.php?rest_route=%2Fwp%2Fv2%2Fmedia&parent=3335"}],"wp:term":[{"taxonomy":"category","embeddable":true,"href":"https:\/\/turm-lahnstein.de\/index.php?rest_route=%2Fwp%2Fv2%2Fcategories&post=3335"},{"taxonomy":"post_tag","embeddable":true,"href":"https:\/\/turm-lahnstein.de\/index.php?rest_route=%2Fwp%2Fv2%2Ftags&post=3335"}],"curies":[{"name":"wp","href":"https:\/\/api.w.org\/{rel}","templated":true}]}}