{"id":3327,"date":"2017-11-22T21:49:53","date_gmt":"2017-11-22T21:49:53","guid":{"rendered":"https:\/\/turmlahnstein.wordpress.com\/?p=3327"},"modified":"2017-11-22T21:49:53","modified_gmt":"2017-11-22T21:49:53","slug":"pressebericht-rabenschwarzes-wochenende","status":"publish","type":"post","link":"https:\/\/turm-lahnstein.de\/?p=3327","title":{"rendered":"Pressebericht: Rabenschwarzes Wochenende"},"content":{"rendered":"<p><img loading=\"lazy\" decoding=\"async\" class=\"alignright size-full wp-image-68\" src=\"https:\/\/turmlahnstein.files.wordpress.com\/2012\/09\/friedhelm_col.jpg\" alt=\"\" width=\"254\" height=\"248\" \/>An manchen Tagen will einfach nichts gelingen. So einen Tag hatten am gleichen Wochenende sowohl die zweite als auch die dritte Mannschaft des Schachvereins Turm Lahnstein.<!--more--><\/p>\n<p>Samstagabend wusste die dritte Mannschaft zwar von der St\u00e4rke der gastgebenden Mannschaft der SG G\u00fcls\/Niederfell II in der A-Klasse Rhein-Nahe. Aber ein 0,5:4,5, bei dem einzig Kurt Sanner ein Remis erreichte, war doch eine sehr deftige Niederlage.<\/p>\n<p>Am Sonntag kam die zweite Mannschaft in der Rheinland-Liga aber bei der SG Rheinbreitbach-Linz ebenso unter die R\u00e4der. Durch mehrere Ausf\u00e4lle konnten die Rhein-Lahn-St\u00e4dter noch nicht einmal eine komplette Achtermannschaft an die Bretter bringen. Immerhin gelang Michael Sefeloge ein Partiegewinn und Kurt Sanner, der als Ersatzspieler wieder im Einsatz war, erzielte erneut ein Unentschieden. Das blieben allerdings die z\u00e4hlbaren Resultate, so dass am Ende ein 1,5:6,5 zu Buche stand.\u00a0 Beide Mannschaften werden versuchen, diese Ergebnisse in der n\u00e4chsten Runde Anfang Dezember vergessen zu machen.<\/p>\n","protected":false},"excerpt":{"rendered":"<p>An manchen Tagen will einfach nichts gelingen. So einen Tag hatten am gleichen Wochenende sowohl die zweite als auch die dritte Mannschaft des Schachvereins Turm Lahnstein.<\/p>\n","protected":false},"author":4,"featured_media":0,"comment_status":"open","ping_status":"open","sticky":false,"template":"","format":"standard","meta":{"footnotes":""},"categories":[1],"tags":[],"_links":{"self":[{"href":"https:\/\/turm-lahnstein.de\/index.php?rest_route=\/wp\/v2\/posts\/3327"}],"collection":[{"href":"https:\/\/turm-lahnstein.de\/index.php?rest_route=\/wp\/v2\/posts"}],"about":[{"href":"https:\/\/turm-lahnstein.de\/index.php?rest_route=\/wp\/v2\/types\/post"}],"author":[{"embeddable":true,"href":"https:\/\/turm-lahnstein.de\/index.php?rest_route=\/wp\/v2\/users\/4"}],"replies":[{"embeddable":true,"href":"https:\/\/turm-lahnstein.de\/index.php?rest_route=%2Fwp%2Fv2%2Fcomments&post=3327"}],"version-history":[{"count":0,"href":"https:\/\/turm-lahnstein.de\/index.php?rest_route=\/wp\/v2\/posts\/3327\/revisions"}],"wp:attachment":[{"href":"https:\/\/turm-lahnstein.de\/index.php?rest_route=%2Fwp%2Fv2%2Fmedia&parent=3327"}],"wp:term":[{"taxonomy":"category","embeddable":true,"href":"https:\/\/turm-lahnstein.de\/index.php?rest_route=%2Fwp%2Fv2%2Fcategories&post=3327"},{"taxonomy":"post_tag","embeddable":true,"href":"https:\/\/turm-lahnstein.de\/index.php?rest_route=%2Fwp%2Fv2%2Ftags&post=3327"}],"curies":[{"name":"wp","href":"https:\/\/api.w.org\/{rel}","templated":true}]}}