{"id":3298,"date":"2017-11-16T07:22:56","date_gmt":"2017-11-16T07:22:56","guid":{"rendered":"https:\/\/turmlahnstein.wordpress.com\/?p=3298"},"modified":"2017-11-16T07:22:56","modified_gmt":"2017-11-16T07:22:56","slug":"zwei-mannschaften-im-einsatz","status":"publish","type":"post","link":"https:\/\/turm-lahnstein.de\/?p=3298","title":{"rendered":"Zwei Mannschaften im Einsatz"},"content":{"rendered":"<p><img loading=\"lazy\" decoding=\"async\" class=\"alignright size-full wp-image-68\" src=\"https:\/\/turmlahnstein.files.wordpress.com\/2012\/09\/friedhelm_col.jpg\" alt=\"\" width=\"254\" height=\"248\" \/>Diesmal war es an der ersten und der vierten Mannschaft des Schachvereins Turm Lahnstein, am selben Wochenende einen Mannschaftskampf zu bestreiten. Leider gelang es der vierten Mannschaft nicht, einen Sieg vorzulegen, denn das Spiel gegen die SSG G\u00fcls\/Niederfell III ging mit 1,5:2,5 knapp verloren, wobei die Aktiven der Spielgemeinschaft von der Mosel zwischen vierzig und f\u00fcnfzig Jahren mehr Erfahrung aufwiesen als die Lahnsteiner Jugendtruppe. David Meuer gewann seine Partie und Colin Klinkner steuerte ein Remis bei.<!--more--><\/p>\n<p>Am Tag darauf gelang es der Lahnsteiner Rheinland-Pfalz-Liga-Mannschaft daf\u00fcr sicher, einen 5,5:2,5 Erfolg gegen den SC Bendorf unter Dach und Fach zu bringen. Zwar standen einige Stammspieler nicht zur Verf\u00fcgung, aber die Ersatzleute stachen zumindest teilweise, so dass ein \u00fcberzeugendes positives Ergebnis zustande kam. F\u00fcr Lahnstein punkteten Sabrina Ley, Stephan B\u00fcchner, Peter Schreieck und Dennis Sanner und bei Remisen von Ralf Teichgr\u00e4ber, Julian Voss und Thomas Buch ging nur eine Partie verloren. In der n\u00e4chsten Runde geht es am 26.11. zum Lokalderby beim SV 03\/25 Koblenz.<\/p>\n","protected":false},"excerpt":{"rendered":"<p>Diesmal war es an der ersten und der vierten Mannschaft des Schachvereins Turm Lahnstein, am selben Wochenende einen Mannschaftskampf zu bestreiten. Leider gelang es der vierten Mannschaft nicht, einen Sieg [&hellip;]<\/p>\n","protected":false},"author":4,"featured_media":0,"comment_status":"open","ping_status":"open","sticky":false,"template":"","format":"standard","meta":{"footnotes":""},"categories":[1],"tags":[],"_links":{"self":[{"href":"https:\/\/turm-lahnstein.de\/index.php?rest_route=\/wp\/v2\/posts\/3298"}],"collection":[{"href":"https:\/\/turm-lahnstein.de\/index.php?rest_route=\/wp\/v2\/posts"}],"about":[{"href":"https:\/\/turm-lahnstein.de\/index.php?rest_route=\/wp\/v2\/types\/post"}],"author":[{"embeddable":true,"href":"https:\/\/turm-lahnstein.de\/index.php?rest_route=\/wp\/v2\/users\/4"}],"replies":[{"embeddable":true,"href":"https:\/\/turm-lahnstein.de\/index.php?rest_route=%2Fwp%2Fv2%2Fcomments&post=3298"}],"version-history":[{"count":0,"href":"https:\/\/turm-lahnstein.de\/index.php?rest_route=\/wp\/v2\/posts\/3298\/revisions"}],"wp:attachment":[{"href":"https:\/\/turm-lahnstein.de\/index.php?rest_route=%2Fwp%2Fv2%2Fmedia&parent=3298"}],"wp:term":[{"taxonomy":"category","embeddable":true,"href":"https:\/\/turm-lahnstein.de\/index.php?rest_route=%2Fwp%2Fv2%2Fcategories&post=3298"},{"taxonomy":"post_tag","embeddable":true,"href":"https:\/\/turm-lahnstein.de\/index.php?rest_route=%2Fwp%2Fv2%2Ftags&post=3298"}],"curies":[{"name":"wp","href":"https:\/\/api.w.org\/{rel}","templated":true}]}}