{"id":324,"date":"2013-01-10T08:06:42","date_gmt":"2013-01-10T08:06:42","guid":{"rendered":"http:\/\/turmlahnstein.wordpress.com\/?p=324"},"modified":"2013-01-10T08:06:42","modified_gmt":"2013-01-10T08:06:42","slug":"jugendmeisterschaft-des-schachverbandes-rheinland","status":"publish","type":"post","link":"https:\/\/turm-lahnstein.de\/?p=324","title":{"rendered":"Jugendmeisterschaft des Schachverbandes Rheinland"},"content":{"rendered":"<p><img loading=\"lazy\" decoding=\"async\" class=\"alignright size-thumbnail wp-image-68\" alt=\"friedhelm_col\" src=\"https:\/\/turm-lahnstein.de\/wp-content\/uploads\/2012\/09\/friedhelm_col.jpg?w=150\" width=\"150\" height=\"146\" \/>Gleich in der ersten Woche des neuen Jahres tr\u00e4gt die Schachjugend Rheinland ihre Einzelmeisterschaften aus. Zum diesj\u00e4hrigen Turnier in der Jugendherberge Cochem hatten sich acht Jugendliche des Schachvereins Turm Lahnstein qualifiziert, der damit seine Rolle als einer der f\u00fchrenden Schachvereine im Jugendspielbetrieb untermauerte.<br \/>\n<!--more--><br \/>\nIn der j\u00fcngsten Altersklasse U 10 spielte Lars Wei\u00dfenfels im zweiundzwanzigk\u00f6pfigen Teilnehmerfeld von Anfang bis zum Ende um den Meistertitel mit. In der letzten Runde verlor er ungl\u00fccklich und durfte daher seinem Gegner zum Meistertitel gratulieren. F\u00fcr ihn selbst blieb bei f\u00fcnf Punkten aus sieben Partien der hervorragende zweite Platz mit dem Vizemeistertitel und die Qualifikation f\u00fcr die Rheinland-Pfalz-Meisterschaft. Noel Bendel kam mit vier Punkten und dem elften Platz auch noch in die vordere H\u00e4lfte im Gesamtklassement und war damit drittbestes M\u00e4dchen in dieser Altersklasse.<\/p>\n<p>Rheinland-M\u00e4dchenmeisterin der U 12 darf sich Jennifer Rau nennen. Mit 4,5 Punkten war sie bestes M\u00e4dchen und belegte unter insgesamt 23 Jungen und M\u00e4dchen in der Gesamttabelle den vierten Rang. Auch Jennifer nimmt aufgrund dieses Erfolges an der Rheinland-Pfalz-Meisterschaft teil.<\/p>\n<p>In der Altersklasse U 14 tummelten sich Alina Usczeck und Sabrina Ley als einzige M\u00e4dchen im Jungenturnier, da sie ihre Vorqualifikation f\u00fcr die Landesmeisterschaft bei den M\u00e4dchen schon in der Tasche hatten und eine neue Herausforderung suchten. Am Ende fielen sie nach gutem Beginn etwas zur\u00fcck und belegten mit 3,5 bzw. 3 Punkten die Pl\u00e4tze neun und vierzehn von achtzehn Teilnehmern.<\/p>\n<p>Unter den \u00e4ltesten Jugendlichen U 18 befanden sich gleich drei Vertreter des Vereins unter den zw\u00f6lf Teilnehmern. Mit nur geringem Punkteabstand belegten Adrian Persch mit vier, Gerhard Reznik und Lukas Usczeck mit je 3,5 Punkten die Pl\u00e4tze vier, sechs und acht, wobei zumindest Adrian als Vorjahres-Rheinland-Pfalz-Meister der U 16 und auch Lukas nicht ganz zufrieden sein d\u00fcrften.<\/p>\n<div id='gallery-1' class='gallery galleryid-324 gallery-columns-3 gallery-size-thumbnail'><figure class='gallery-item'>\n\t\t\t<div class='gallery-icon landscape'>\n\t\t\t\t<a href='https:\/\/turm-lahnstein.de\/?attachment_id=329'><img loading=\"lazy\" decoding=\"async\" width=\"150\" height=\"150\" src=\"https:\/\/turm-lahnstein.de\/wp-content\/uploads\/2013\/01\/img_0009-150x150.jpg\" class=\"attachment-thumbnail size-thumbnail\" alt=\"\" \/><\/a>\n\t\t\t<\/div><\/figure><figure class='gallery-item'>\n\t\t\t<div class='gallery-icon landscape'>\n\t\t\t\t<a href='https:\/\/turm-lahnstein.de\/?attachment_id=330'><img loading=\"lazy\" decoding=\"async\" width=\"150\" height=\"150\" src=\"https:\/\/turm-lahnstein.de\/wp-content\/uploads\/2013\/01\/img_0012-150x150.jpg\" class=\"attachment-thumbnail size-thumbnail\" alt=\"\" \/><\/a>\n\t\t\t<\/div><\/figure><figure class='gallery-item'>\n\t\t\t<div class='gallery-icon landscape'>\n\t\t\t\t<a href='https:\/\/turm-lahnstein.de\/?attachment_id=331'><img loading=\"lazy\" decoding=\"async\" width=\"150\" height=\"150\" src=\"https:\/\/turm-lahnstein.de\/wp-content\/uploads\/2013\/01\/img_0013-150x150.jpg\" class=\"attachment-thumbnail size-thumbnail\" alt=\"\" \/><\/a>\n\t\t\t<\/div><\/figure><figure class='gallery-item'>\n\t\t\t<div class='gallery-icon landscape'>\n\t\t\t\t<a href='https:\/\/turm-lahnstein.de\/?attachment_id=332'><img loading=\"lazy\" decoding=\"async\" width=\"150\" height=\"150\" src=\"https:\/\/turm-lahnstein.de\/wp-content\/uploads\/2013\/01\/img_0015-150x150.jpg\" class=\"attachment-thumbnail size-thumbnail\" alt=\"\" \/><\/a>\n\t\t\t<\/div><\/figure><figure class='gallery-item'>\n\t\t\t<div class='gallery-icon landscape'>\n\t\t\t\t<a href='https:\/\/turm-lahnstein.de\/?attachment_id=333'><img loading=\"lazy\" decoding=\"async\" width=\"150\" height=\"150\" src=\"https:\/\/turm-lahnstein.de\/wp-content\/uploads\/2013\/01\/img_0016-150x150.jpg\" class=\"attachment-thumbnail size-thumbnail\" alt=\"\" \/><\/a>\n\t\t\t<\/div><\/figure><figure class='gallery-item'>\n\t\t\t<div class='gallery-icon landscape'>\n\t\t\t\t<a href='https:\/\/turm-lahnstein.de\/?attachment_id=334'><img loading=\"lazy\" decoding=\"async\" width=\"150\" height=\"150\" src=\"https:\/\/turm-lahnstein.de\/wp-content\/uploads\/2013\/01\/img_0018-150x150.jpg\" class=\"attachment-thumbnail size-thumbnail\" alt=\"\" \/><\/a>\n\t\t\t<\/div><\/figure><figure class='gallery-item'>\n\t\t\t<div class='gallery-icon landscape'>\n\t\t\t\t<a href='https:\/\/turm-lahnstein.de\/?attachment_id=335'><img loading=\"lazy\" decoding=\"async\" width=\"150\" height=\"150\" src=\"https:\/\/turm-lahnstein.de\/wp-content\/uploads\/2013\/01\/img_0034-150x150.jpg\" class=\"attachment-thumbnail size-thumbnail\" alt=\"\" \/><\/a>\n\t\t\t<\/div><\/figure><figure class='gallery-item'>\n\t\t\t<div class='gallery-icon landscape'>\n\t\t\t\t<a href='https:\/\/turm-lahnstein.de\/?attachment_id=328'><img loading=\"lazy\" decoding=\"async\" width=\"150\" height=\"150\" src=\"https:\/\/turm-lahnstein.de\/wp-content\/uploads\/2013\/01\/img_0006-150x150.jpg\" class=\"attachment-thumbnail size-thumbnail\" alt=\"\" \/><\/a>\n\t\t\t<\/div><\/figure><figure class='gallery-item'>\n\t\t\t<div class='gallery-icon landscape'>\n\t\t\t\t<a href='https:\/\/turm-lahnstein.de\/?attachment_id=327'><img loading=\"lazy\" decoding=\"async\" width=\"150\" height=\"150\" src=\"https:\/\/turm-lahnstein.de\/wp-content\/uploads\/2013\/01\/img_0004-150x150.jpg\" class=\"attachment-thumbnail size-thumbnail\" alt=\"\" \/><\/a>\n\t\t\t<\/div><\/figure>\n\t\t<\/div>\n\n","protected":false},"excerpt":{"rendered":"<p>Gleich in der ersten Woche des neuen Jahres tr\u00e4gt die Schachjugend Rheinland ihre Einzelmeisterschaften aus. Zum diesj\u00e4hrigen Turnier in der Jugendherberge Cochem hatten sich acht Jugendliche des Schachvereins Turm Lahnstein [&hellip;]<\/p>\n","protected":false},"author":2,"featured_media":0,"comment_status":"open","ping_status":"open","sticky":false,"template":"","format":"standard","meta":{"footnotes":""},"categories":[11,24],"tags":[66,52,98],"_links":{"self":[{"href":"https:\/\/turm-lahnstein.de\/index.php?rest_route=\/wp\/v2\/posts\/324"}],"collection":[{"href":"https:\/\/turm-lahnstein.de\/index.php?rest_route=\/wp\/v2\/posts"}],"about":[{"href":"https:\/\/turm-lahnstein.de\/index.php?rest_route=\/wp\/v2\/types\/post"}],"author":[{"embeddable":true,"href":"https:\/\/turm-lahnstein.de\/index.php?rest_route=\/wp\/v2\/users\/2"}],"replies":[{"embeddable":true,"href":"https:\/\/turm-lahnstein.de\/index.php?rest_route=%2Fwp%2Fv2%2Fcomments&post=324"}],"version-history":[{"count":0,"href":"https:\/\/turm-lahnstein.de\/index.php?rest_route=\/wp\/v2\/posts\/324\/revisions"}],"wp:attachment":[{"href":"https:\/\/turm-lahnstein.de\/index.php?rest_route=%2Fwp%2Fv2%2Fmedia&parent=324"}],"wp:term":[{"taxonomy":"category","embeddable":true,"href":"https:\/\/turm-lahnstein.de\/index.php?rest_route=%2Fwp%2Fv2%2Fcategories&post=324"},{"taxonomy":"post_tag","embeddable":true,"href":"https:\/\/turm-lahnstein.de\/index.php?rest_route=%2Fwp%2Fv2%2Ftags&post=324"}],"curies":[{"name":"wp","href":"https:\/\/api.w.org\/{rel}","templated":true}]}}