{"id":3223,"date":"2017-10-19T08:21:09","date_gmt":"2017-10-19T08:21:09","guid":{"rendered":"https:\/\/turmlahnstein.wordpress.com\/?p=3223"},"modified":"2017-10-19T08:21:09","modified_gmt":"2017-10-19T08:21:09","slug":"pressebericht-am-schachbrett-und-im-kletterwald","status":"publish","type":"post","link":"https:\/\/turm-lahnstein.de\/?p=3223","title":{"rendered":"Pressebericht: Am Schachbrett und im Kletterwald"},"content":{"rendered":"<p><img loading=\"lazy\" decoding=\"async\" class=\"alignright size-full wp-image-68\" src=\"https:\/\/turmlahnstein.files.wordpress.com\/2012\/09\/friedhelm_col.jpg\" alt=\"\" width=\"254\" height=\"248\" \/>In der zweiten Runde der 2. Rheinland-Pfalz-Liga war der Schachverein Turm Lahnstein beim ambitionierten Aufsteiger SF Nickenich zu Gast. Nicht unbedingt erwartet, aber letztlich gerechtfertigt fuhren die Rhein-Lahn-St\u00e4dter mit einer 3 : 5 Niederlage ohne Mannschaftspunkte nach Hause.<\/p>\n<p><!--more-->Die einzige Gewinnpartie gelang Dennis Sanner, der eine spannende Partie mit ungleicher Materialverteilung f\u00fcr sich entscheiden konnte. Remisen steuerten Peter Ley, Stephan B\u00fcchner, Ralf Teichgr\u00e4ber und Julian Voss bei. Schon relativ fr\u00fch gerieten Thomas Buch, Peter Schreieck und Bujar Murati in Nachteil, den sie bis zum Schluss nicht kompensieren konnten und ihre Partien schlie\u00dflich aufgeben mussten.<\/p>\n<p>Einer ganz anderen Freizeitbesch\u00e4ftigung gingen am Tag zuvor Kinder und Jugendliche aus dem Verein nach. Der Schachverein hatte einen Ausflug in den Kletterwald Bendorf Sayn organisiert und insgesamt wagten sich fast zwanzig Kinder und Erwachsene in den Parcours, der Spannung aber auch Spa\u00df bot. Eine willkommene Abwechslung f\u00fcr die kleineren und gr\u00f6\u00dferen Denksportler!<\/p>\n","protected":false},"excerpt":{"rendered":"<p>In der zweiten Runde der 2. Rheinland-Pfalz-Liga war der Schachverein Turm Lahnstein beim ambitionierten Aufsteiger SF Nickenich zu Gast. Nicht unbedingt erwartet, aber letztlich gerechtfertigt fuhren die Rhein-Lahn-St\u00e4dter mit einer [&hellip;]<\/p>\n","protected":false},"author":4,"featured_media":0,"comment_status":"open","ping_status":"open","sticky":false,"template":"","format":"standard","meta":{"footnotes":""},"categories":[1],"tags":[],"_links":{"self":[{"href":"https:\/\/turm-lahnstein.de\/index.php?rest_route=\/wp\/v2\/posts\/3223"}],"collection":[{"href":"https:\/\/turm-lahnstein.de\/index.php?rest_route=\/wp\/v2\/posts"}],"about":[{"href":"https:\/\/turm-lahnstein.de\/index.php?rest_route=\/wp\/v2\/types\/post"}],"author":[{"embeddable":true,"href":"https:\/\/turm-lahnstein.de\/index.php?rest_route=\/wp\/v2\/users\/4"}],"replies":[{"embeddable":true,"href":"https:\/\/turm-lahnstein.de\/index.php?rest_route=%2Fwp%2Fv2%2Fcomments&post=3223"}],"version-history":[{"count":0,"href":"https:\/\/turm-lahnstein.de\/index.php?rest_route=\/wp\/v2\/posts\/3223\/revisions"}],"wp:attachment":[{"href":"https:\/\/turm-lahnstein.de\/index.php?rest_route=%2Fwp%2Fv2%2Fmedia&parent=3223"}],"wp:term":[{"taxonomy":"category","embeddable":true,"href":"https:\/\/turm-lahnstein.de\/index.php?rest_route=%2Fwp%2Fv2%2Fcategories&post=3223"},{"taxonomy":"post_tag","embeddable":true,"href":"https:\/\/turm-lahnstein.de\/index.php?rest_route=%2Fwp%2Fv2%2Ftags&post=3223"}],"curies":[{"name":"wp","href":"https:\/\/api.w.org\/{rel}","templated":true}]}}