{"id":3090,"date":"2017-07-03T12:27:36","date_gmt":"2017-07-03T12:27:36","guid":{"rendered":"https:\/\/turmlahnstein.wordpress.com\/?p=3090"},"modified":"2017-07-03T12:27:36","modified_gmt":"2017-07-03T12:27:36","slug":"chess960-2017-sabrina-ley-gewinnt-familienduell","status":"publish","type":"post","link":"https:\/\/turm-lahnstein.de\/?p=3090","title":{"rendered":"Chess960 2017 Sabrina Ley gewinnt Familienduell"},"content":{"rendered":"<p>von Michael Sefeloge<\/p>\n<p>&nbsp;<\/p>\n<p>Auch in diesem Jahr fand wieder ein Turnier im Fischer-Schach statt, welches als letzte Veranstaltung vor den Sommerferien ausgetragen wurde. Mit neun Jugendlichen und zwei Erwachsenen ordentlich besetzt, wurden 4 Runden CH mit 15 Minuten Bedenkzeit gespielt.<!--more--><\/p>\n<p>Alle Partien waren hart umk\u00e4mpft, es gab keine Remisen. In den Spitzenbegegnungen gewann Peter Ley gegen Ralf Teichgr\u00e4ber, in der letzten Runde musste er dann gegen seine Tochter antreten. Sabrina sah sich einem K\u00f6nigsangriff ausgesetzt, reagierte aber gelassen und pl\u00f6tzlich wurde der gef\u00e4hrliche L\u00e4ufer vom Papa von der Dame einkassiert! Dieser gab sofort auf und Sabrina ist dieses Jahr unsere Fischer-Schach-K\u00f6nigin. Herzlichen Gl\u00fcckwunsch!<\/p>\n<p>Einige der Jungs und auch Noel spielten teilweise richtig gut, dass trifft auch auf den J\u00fcngsten zu, David am Tabellenende hatte mindestens zweimal eine Gewinnstellung auf dem Brett, die fortgeschrittene Zeit und die M\u00fcdigkeit forderten aber ihren Tribut bei dem neunj\u00e4hrigen. Das wird sich bestimmt bald \u00e4ndern.<\/p>\n<p>&nbsp;<\/p>\n<p>Endstand:<\/p>\n<table>\n<tbody>\n<tr>\n<td width=\"70\"><strong>Rang<\/strong><\/td>\n<td width=\"160\"><strong>Teilnehmer<\/strong><\/td>\n<td width=\"43\"><strong>G<\/strong><\/td>\n<td width=\"42\"><strong>R<\/strong><\/td>\n<td width=\"40\"><strong>V<\/strong><\/td>\n<td width=\"73\"><strong>Punkte<\/strong><\/td>\n<td width=\"69\"><strong>BH<\/strong><\/td>\n<td width=\"69\"><strong>SB<\/strong><\/td>\n<\/tr>\n<tr>\n<td width=\"70\"><\/td>\n<td width=\"160\"><\/td>\n<td width=\"43\"><\/td>\n<td width=\"42\"><\/td>\n<td width=\"40\"><\/td>\n<td width=\"73\"><\/td>\n<td width=\"69\"><\/td>\n<td width=\"69\"><\/td>\n<\/tr>\n<tr>\n<td width=\"70\">1<\/td>\n<td width=\"160\">Sabrina Ley<\/td>\n<td width=\"43\">4<\/td>\n<td width=\"42\">0<\/td>\n<td width=\"40\">0<\/td>\n<td width=\"73\">4.0<\/td>\n<td width=\"69\">7.5<\/td>\n<td width=\"69\">7.50<\/td>\n<\/tr>\n<tr>\n<td width=\"70\">2<\/td>\n<td width=\"160\">Peter Ley<\/td>\n<td width=\"43\">3<\/td>\n<td width=\"42\">0<\/td>\n<td width=\"40\">1<\/td>\n<td width=\"73\">3.0<\/td>\n<td width=\"69\">10.5<\/td>\n<td width=\"69\">6.50<\/td>\n<\/tr>\n<tr>\n<td width=\"70\">3<\/td>\n<td width=\"160\">Ralf Teichgr\u00e4ber<\/td>\n<td width=\"43\">3<\/td>\n<td width=\"42\">0<\/td>\n<td width=\"40\">1<\/td>\n<td width=\"73\">3.0<\/td>\n<td width=\"69\">7.0<\/td>\n<td width=\"69\">4.00<\/td>\n<\/tr>\n<tr>\n<td width=\"70\">4<\/td>\n<td width=\"160\">Elsin Smakic<\/td>\n<td width=\"43\">2<\/td>\n<td width=\"42\">0<\/td>\n<td width=\"40\">2<\/td>\n<td width=\"73\">2.0<\/td>\n<td width=\"69\">9.5<\/td>\n<td width=\"69\">2.50<\/td>\n<\/tr>\n<tr>\n<td width=\"70\">5<\/td>\n<td width=\"160\">Luca Engelbrecht<\/td>\n<td width=\"43\">2<\/td>\n<td width=\"42\">0<\/td>\n<td width=\"40\">2<\/td>\n<td width=\"73\">2.0<\/td>\n<td width=\"69\">8.0<\/td>\n<td width=\"69\">2.50<\/td>\n<\/tr>\n<tr>\n<td width=\"70\">6<\/td>\n<td width=\"160\">Collin Klinkner<\/td>\n<td width=\"43\">2<\/td>\n<td width=\"42\">0<\/td>\n<td width=\"40\">2<\/td>\n<td width=\"73\">2.0<\/td>\n<td width=\"69\">7.5<\/td>\n<td width=\"69\">2.50<\/td>\n<\/tr>\n<tr>\n<td width=\"70\">7<\/td>\n<td width=\"160\">Ismail Smakic<\/td>\n<td width=\"43\">2<\/td>\n<td width=\"42\">0<\/td>\n<td width=\"40\">2<\/td>\n<td width=\"73\">2.0<\/td>\n<td width=\"69\">7.0<\/td>\n<td width=\"69\">3.00<\/td>\n<\/tr>\n<tr>\n<td width=\"70\">8<\/td>\n<td width=\"160\">Tomislav Vekic<\/td>\n<td width=\"43\">2<\/td>\n<td width=\"42\">0<\/td>\n<td width=\"40\">2<\/td>\n<td width=\"73\">2.0<\/td>\n<td width=\"69\">7.0<\/td>\n<td width=\"69\">2.00<\/td>\n<\/tr>\n<tr>\n<td width=\"70\">9<\/td>\n<td width=\"160\">Noel Bendel<\/td>\n<td width=\"43\">2<\/td>\n<td width=\"42\">0<\/td>\n<td width=\"40\">2<\/td>\n<td width=\"73\">2.0<\/td>\n<td width=\"69\">5.5<\/td>\n<td width=\"69\">2.00<\/td>\n<\/tr>\n<tr>\n<td width=\"70\">10<\/td>\n<td width=\"160\">Sipan Aycho<\/td>\n<td width=\"43\">1<\/td>\n<td width=\"42\">0<\/td>\n<td width=\"40\">3<\/td>\n<td width=\"73\">1.0<\/td>\n<td width=\"69\">9.5<\/td>\n<td width=\"69\">1.50<\/td>\n<\/tr>\n<tr>\n<td width=\"70\">11<\/td>\n<td width=\"160\">David Meuer<\/td>\n<td width=\"43\">1<\/td>\n<td width=\"42\">0<\/td>\n<td width=\"40\">3<\/td>\n<td width=\"73\">1.0<\/td>\n<td width=\"69\">8.0<\/td>\n<td width=\"69\">1.50<\/td>\n<\/tr>\n<\/tbody>\n<\/table>\n<p>&nbsp;<\/p>\n<p>&nbsp;<\/p>\n<p>&nbsp;<\/p>\n<p>&nbsp;<\/p>\n","protected":false},"excerpt":{"rendered":"<p>von Michael Sefeloge &nbsp; Auch in diesem Jahr fand wieder ein Turnier im Fischer-Schach statt, welches als letzte Veranstaltung vor den Sommerferien ausgetragen wurde. Mit neun Jugendlichen und zwei Erwachsenen [&hellip;]<\/p>\n","protected":false},"author":4,"featured_media":0,"comment_status":"open","ping_status":"open","sticky":false,"template":"","format":"standard","meta":{"footnotes":""},"categories":[1],"tags":[],"_links":{"self":[{"href":"https:\/\/turm-lahnstein.de\/index.php?rest_route=\/wp\/v2\/posts\/3090"}],"collection":[{"href":"https:\/\/turm-lahnstein.de\/index.php?rest_route=\/wp\/v2\/posts"}],"about":[{"href":"https:\/\/turm-lahnstein.de\/index.php?rest_route=\/wp\/v2\/types\/post"}],"author":[{"embeddable":true,"href":"https:\/\/turm-lahnstein.de\/index.php?rest_route=\/wp\/v2\/users\/4"}],"replies":[{"embeddable":true,"href":"https:\/\/turm-lahnstein.de\/index.php?rest_route=%2Fwp%2Fv2%2Fcomments&post=3090"}],"version-history":[{"count":0,"href":"https:\/\/turm-lahnstein.de\/index.php?rest_route=\/wp\/v2\/posts\/3090\/revisions"}],"wp:attachment":[{"href":"https:\/\/turm-lahnstein.de\/index.php?rest_route=%2Fwp%2Fv2%2Fmedia&parent=3090"}],"wp:term":[{"taxonomy":"category","embeddable":true,"href":"https:\/\/turm-lahnstein.de\/index.php?rest_route=%2Fwp%2Fv2%2Fcategories&post=3090"},{"taxonomy":"post_tag","embeddable":true,"href":"https:\/\/turm-lahnstein.de\/index.php?rest_route=%2Fwp%2Fv2%2Ftags&post=3090"}],"curies":[{"name":"wp","href":"https:\/\/api.w.org\/{rel}","templated":true}]}}