{"id":3088,"date":"2017-07-02T04:14:31","date_gmt":"2017-07-02T04:14:31","guid":{"rendered":"https:\/\/turmlahnstein.wordpress.com\/?p=3088"},"modified":"2017-07-02T04:14:31","modified_gmt":"2017-07-02T04:14:31","slug":"sommerfest-2017-der-rheinsteig-von-osterspai-bis-braubach","status":"publish","type":"post","link":"https:\/\/turm-lahnstein.de\/?p=3088","title":{"rendered":"SOMMERFEST 2017 : DER RHEINSTEIG VON OSTERSPAI BIS BRAUBACH"},"content":{"rendered":"<p>von Friedhelm Schneider<\/p>\n<p>Das j\u00e4hrliche Sommerfest bietet immer wieder als Halbtagesveranstaltung (manchmal l\u00e4nger, je nachdem wie sp\u00e4t der Abend wird \u2026) einige Stunden Gelegenheit f\u00fcr die Schachspielerinnen und Schachspieler jeden Alters sowie ihre Familienangeh\u00f6rigen, Eltern usw. sich au\u00dferhalb des Schachbretts kennen zu lernen.<!--more--><\/p>\n<p>22 Wanderer trafen sich am 24.06.2017 nach der Zugfahrt nach Osterspai am Bahnhof mit dem dortigen Naturschutzbeauftragten Joachim Bender. Solche Touren tragen in jedem Fall zum Kennenlernen auch der Teilnehmer bei, die sich sonst vielleicht nur ein oder zwei Mal im Jahr sehen. Mit interessanten, aber nicht zu wissenschaftlich aufgemachten Informationen zu Botanik, Wald und Geologie zum Greifen nah wurde die Wanderung aufgelockert und als Nebeneffekt damit eine ausreichende Zahl von Verschnaufpausen sichergestellt. Ich fand es schade, dass uns die Orchideenwiese oberhalb des Elligs keine bl\u00fchenden Orchideen mehr zeigte und wir im weiteren Verlauf mit Blick auf die Uhr (\u201eZeitnot\u201c sagt der Schachspieler) auf den separaten steilen Abstecher zur Rheinsteigh\u00fctte verzichten mussten. Aber wir wollten die am Dinkholder Brunnen bereitstehende Rheinsteig-Vesper, bestehend aus Fleischwurst, Br\u00f6tchen und Getr\u00e4nken, nicht warten lassen \u2013 auch ein gutes Argument.<\/p>\n<p>Gest\u00e4rkt nahmen wir die Steigung auf den Dinkholderberg in Angriff und \u00fcberstanden auch das sonnige St\u00fcck den Zecherberg hinunter Richtung Braubach. Auf dem Marktplatz verst\u00e4rkten uns noch einige Nicht-Wanderer aus unserem Verein. Neben Essen und Trinken wurden die Wanderer mit dem original \u201eRheinsteig-Anstecker\u201c f\u00fcr Ihre M\u00fchen belohnt.<\/p>\n<p>Ich hoffe, alle stimmen zu, wenn ich zusammenfasse: Ein sch\u00f6ner Ausflug und ein gelungener Tag!<\/p>\n","protected":false},"excerpt":{"rendered":"<p>von Friedhelm Schneider Das j\u00e4hrliche Sommerfest bietet immer wieder als Halbtagesveranstaltung (manchmal l\u00e4nger, je nachdem wie sp\u00e4t der Abend wird \u2026) einige Stunden Gelegenheit f\u00fcr die Schachspielerinnen und Schachspieler jeden [&hellip;]<\/p>\n","protected":false},"author":4,"featured_media":0,"comment_status":"open","ping_status":"open","sticky":false,"template":"","format":"standard","meta":{"footnotes":""},"categories":[1],"tags":[],"_links":{"self":[{"href":"https:\/\/turm-lahnstein.de\/index.php?rest_route=\/wp\/v2\/posts\/3088"}],"collection":[{"href":"https:\/\/turm-lahnstein.de\/index.php?rest_route=\/wp\/v2\/posts"}],"about":[{"href":"https:\/\/turm-lahnstein.de\/index.php?rest_route=\/wp\/v2\/types\/post"}],"author":[{"embeddable":true,"href":"https:\/\/turm-lahnstein.de\/index.php?rest_route=\/wp\/v2\/users\/4"}],"replies":[{"embeddable":true,"href":"https:\/\/turm-lahnstein.de\/index.php?rest_route=%2Fwp%2Fv2%2Fcomments&post=3088"}],"version-history":[{"count":0,"href":"https:\/\/turm-lahnstein.de\/index.php?rest_route=\/wp\/v2\/posts\/3088\/revisions"}],"wp:attachment":[{"href":"https:\/\/turm-lahnstein.de\/index.php?rest_route=%2Fwp%2Fv2%2Fmedia&parent=3088"}],"wp:term":[{"taxonomy":"category","embeddable":true,"href":"https:\/\/turm-lahnstein.de\/index.php?rest_route=%2Fwp%2Fv2%2Fcategories&post=3088"},{"taxonomy":"post_tag","embeddable":true,"href":"https:\/\/turm-lahnstein.de\/index.php?rest_route=%2Fwp%2Fv2%2Ftags&post=3088"}],"curies":[{"name":"wp","href":"https:\/\/api.w.org\/{rel}","templated":true}]}}