{"id":3045,"date":"2017-05-11T17:46:35","date_gmt":"2017-05-11T17:46:35","guid":{"rendered":"https:\/\/turmlahnstein.wordpress.com\/?p=3045"},"modified":"2017-05-11T17:46:35","modified_gmt":"2017-05-11T17:46:35","slug":"pressebericht-lahnsteiner-kindermannschaft-bei-der-rheinland-pfalz-meisterschaft","status":"publish","type":"post","link":"https:\/\/turm-lahnstein.de\/?p=3045","title":{"rendered":"Pressebericht: Lahnsteiner Kindermannschaft bei der Rheinland-Pfalz-Meisterschaft"},"content":{"rendered":"<p><span style=\"color:#000000;font-family:Times New Roman;\"><img loading=\"lazy\" decoding=\"async\" class=\"alignright size-full wp-image-68\" src=\"https:\/\/turmlahnstein.files.wordpress.com\/2012\/09\/friedhelm_col.jpg\" alt=\"\" width=\"254\" height=\"248\" \/>Sechzehn Vierermannschaften bildeten ein ansehnliches Teilnehmerfeld bei der Mannschaftsmeisterschaft der Altersklasse U(nter) 12 Jahren der Schachjugend Rheinland-Pfalz in Konz an der Mosel.<\/span><span style=\"color:#000000;font-family:Times New Roman;\">\u00a0 <\/span><span style=\"color:#000000;font-family:Times New Roman;\">Der Schachverein Turm Lahnstein war mit einer Mannschaft vertreten und spielte mit Joshua Lenz, David Meuer, Lasse Werling, Christian Samtleben und Franziska Herbel. Die Lahnsteiner belegten nach sieben umk\u00e4mpften Runden einen guten siebten Platz mit positivem Punktekonto. W\u00e4re es in der letzten Runde noch etwas gl\u00fccklicher gelaufen, w\u00e4re sogar der Sprung auf den dritten Platz in der Abschlusstabelle noch m\u00f6glich gewesen. Spa\u00df hat es allen gemacht und Lust auf mehr Turniere in den folgenden Monaten.\u00a0<\/span><span style=\"color:#000000;font-family:Times New Roman;\">\u00a0<\/span><!--more--><\/p>\n<p><span style=\"color:#000000;font-family:Times New Roman;\">Die vierte Mannschaft des Schachvereins Turm Lahnstein im Spielbetrieb der Erwachsenen bestand im jetzt zu Ende gegangenen Spieljahr ausschlie\u00dflich aus Kindern und Jugendlichen zwischen elf und vierzehn Jahren. Leider hatten sich f\u00fcr Staffel Nord der B-Klasse Rhein-Nahe nur sechs Mannschaften angemeldet, so dass die Konkurrenz doppelrundig ausgetragen wurde.<\/span><span style=\"color:#000000;font-family:Times New Roman;\">\u00a0 <\/span><span style=\"color:#000000;font-family:Times New Roman;\">Nach den zehn Spielen platzierte sich die Lahnsteiner Mannschaft mit 6 : 14 Punkten auf einem geteilten vierten und f\u00fcnften Platz. Zum Einsatz kamen im Wechsel Martin Walzer, Tomislaw Vekic, Ismail Smakic, Luca Engelbrecht, Colin Klinkner, Joshua Lenz und Sipan Aycho. <\/span><\/p>\n<p><span style=\"color:#000000;font-family:Times New Roman;\">\u00a0<\/span><\/p>\n","protected":false},"excerpt":{"rendered":"<p>Sechzehn Vierermannschaften bildeten ein ansehnliches Teilnehmerfeld bei der Mannschaftsmeisterschaft der Altersklasse U(nter) 12 Jahren der Schachjugend Rheinland-Pfalz in Konz an der Mosel.\u00a0 Der Schachverein Turm Lahnstein war mit einer Mannschaft [&hellip;]<\/p>\n","protected":false},"author":4,"featured_media":0,"comment_status":"open","ping_status":"open","sticky":false,"template":"","format":"standard","meta":{"footnotes":""},"categories":[1],"tags":[],"_links":{"self":[{"href":"https:\/\/turm-lahnstein.de\/index.php?rest_route=\/wp\/v2\/posts\/3045"}],"collection":[{"href":"https:\/\/turm-lahnstein.de\/index.php?rest_route=\/wp\/v2\/posts"}],"about":[{"href":"https:\/\/turm-lahnstein.de\/index.php?rest_route=\/wp\/v2\/types\/post"}],"author":[{"embeddable":true,"href":"https:\/\/turm-lahnstein.de\/index.php?rest_route=\/wp\/v2\/users\/4"}],"replies":[{"embeddable":true,"href":"https:\/\/turm-lahnstein.de\/index.php?rest_route=%2Fwp%2Fv2%2Fcomments&post=3045"}],"version-history":[{"count":0,"href":"https:\/\/turm-lahnstein.de\/index.php?rest_route=\/wp\/v2\/posts\/3045\/revisions"}],"wp:attachment":[{"href":"https:\/\/turm-lahnstein.de\/index.php?rest_route=%2Fwp%2Fv2%2Fmedia&parent=3045"}],"wp:term":[{"taxonomy":"category","embeddable":true,"href":"https:\/\/turm-lahnstein.de\/index.php?rest_route=%2Fwp%2Fv2%2Fcategories&post=3045"},{"taxonomy":"post_tag","embeddable":true,"href":"https:\/\/turm-lahnstein.de\/index.php?rest_route=%2Fwp%2Fv2%2Ftags&post=3045"}],"curies":[{"name":"wp","href":"https:\/\/api.w.org\/{rel}","templated":true}]}}