{"id":3024,"date":"2017-05-07T10:31:07","date_gmt":"2017-05-07T10:31:07","guid":{"rendered":"https:\/\/turmlahnstein.wordpress.com\/?p=3024"},"modified":"2017-05-07T10:31:07","modified_gmt":"2017-05-07T10:31:07","slug":"blitz-vereinsmeisterschaft-2017","status":"publish","type":"post","link":"https:\/\/turm-lahnstein.de\/?p=3024","title":{"rendered":"Blitz \u2013 Vereinsmeisterschaft 2017"},"content":{"rendered":"<p><strong>Dennis Sanner gewinnt seinen siebten Titel im Blitzen\u00a0\u00a0\u00a0\u00a0\u00a0\u00a0\u00a0\u00a0\u00a0\u00a0\u00a0\u00a0\u00a0\u00a0\u00a0\u00a0\u00a0 <\/strong><em>(Bericht von Turnierleiter Michael Sefeloge)<\/em><\/p>\n<p>Da staunte der Turnierleiter aber nicht schlecht \u2013 20 (in Worten zwanzig) Teilnehmer bei unserer diesj\u00e4hrigen Vereinsmeisterschaft im Blitzen! Soviel wie noch nie in unserer Vereinsgeschichte. Schnell musste umgedacht werden, denn 19 Runden jeder gegen jeden ging aus zeitlichen Gr\u00fcnden nicht, dass h\u00e4tte bis nach Mitternacht gedauert. Also den Laptop angeschmissen, Teilnehmer eingetragen und los ging es.<!--more--><\/p>\n<p>Gespielt wurden elf Runden nach Schweizer System, sechs erwachsenen Spielern standen 14 Jugendliche gegen\u00fcber. Der an Nr. eins gesetzte Titelverteidiger Dennis Sanner machte von Beginn an deutlich, dass der Titel nur \u00fcber ihn f\u00fchren sollte. Zwar mal kurz etwas eingebremst durch ein Remis gegen seinen Vater, zog er Runde f\u00fcr Runde seine Bahn und gewann mit 10.5\/11 Punkten seinen siebten Blitz-Titel. Ihm folgte Peter Ley, der nur gegen Dennis Sanner verlor, mit einem Punkt R\u00fcckstand, dahinter dann Ralf Teichgr\u00e4ber mit 8.5\/11 Punkten. Pech f\u00fcr ihn, dass er gegen den Turniersieger zwar eine Figur mehr auf dem Brett hatte, aber keine Zeit mehr auf der Uhr. \u00dcbrigens Zeit: Ich konnte beobachten, dass einige Partien nach Zeit verloren wurden, obwohl die Stellung klar gewonnen war. Aber so ist das halt mal beim Blitzen.<\/p>\n<p>Auf dem vierten Platz dann Sabrina Ley \u2013 bei der man manchmal vergisst, dass sie ja auch noch Jugendliche ist \u2013 vor dem punktgleichen Friedhelm Schneider mit etwas schlechterer Wertung. Ganz stark spielte Elsin Smakic mit 6.0 Punkten auf Rang sechs, knapp vor Lars Wei\u00dfenfels, der punktgleich siebter wurde. Der achte Rang von Joshua Lenz mit ebenfalls sechs Punkten \u00fcberrascht nun wirklich keinen mehr, dahinter folgten mit Werner Sonnhoff und Kurt Sanner zwei \u00dc 60er.<\/p>\n<p>Auch der j\u00fcngste Teilnehmer David Meuer (9 Jahre) gewann f\u00fcnf Partien und deutete sein gro\u00dfes Potential an.<\/p>\n<p><strong>\u00a0<\/strong><\/p>\n<p><strong>Endstand nach elf Runden CH:<\/strong><\/p>\n<table>\n<tbody>\n<tr>\n<td width=\"68\"><strong>Rang<\/strong><\/td>\n<td width=\"319\"><strong>Name<\/strong><\/td>\n<td width=\"71\"><strong>G<\/strong><\/td>\n<td width=\"71\"><strong>R<\/strong><\/td>\n<td width=\"71\"><strong>V<\/strong><\/td>\n<td width=\"83\"><strong>Punkte<\/strong><\/td>\n<td width=\"90\"><strong>BH<\/strong><\/td>\n<\/tr>\n<tr>\n<td width=\"68\"><strong>\u00a0<\/strong><\/td>\n<td width=\"319\"><strong>\u00a0<\/strong><\/td>\n<td width=\"71\"><strong>\u00a0<\/strong><\/td>\n<td width=\"71\"><strong>\u00a0<\/strong><\/td>\n<td width=\"71\"><strong>\u00a0<\/strong><\/td>\n<td width=\"83\"><strong>\u00a0<\/strong><\/td>\n<td width=\"90\"><strong>\u00a0<\/strong><\/td>\n<\/tr>\n<tr>\n<td width=\"68\">1<\/td>\n<td width=\"319\">Dennis Sanner<\/td>\n<td width=\"71\">10<\/td>\n<td width=\"71\">1<\/td>\n<td width=\"71\">0<\/td>\n<td width=\"83\">10.5<\/td>\n<td width=\"90\">70.5<\/td>\n<\/tr>\n<tr>\n<td width=\"68\">2<\/td>\n<td width=\"319\">Peter Ley<\/td>\n<td width=\"71\">9<\/td>\n<td width=\"71\">1<\/td>\n<td width=\"71\">1<\/td>\n<td width=\"83\">9.5<\/td>\n<td width=\"90\">72.0<\/td>\n<\/tr>\n<tr>\n<td width=\"68\">3<\/td>\n<td width=\"319\">Ralf Teichgr\u00e4ber<\/td>\n<td width=\"71\">8<\/td>\n<td width=\"71\">1<\/td>\n<td width=\"71\">2<\/td>\n<td width=\"83\">8.5<\/td>\n<td width=\"90\">72.5<\/td>\n<\/tr>\n<tr>\n<td width=\"68\">4<\/td>\n<td width=\"319\">Sabrina Ley<\/td>\n<td width=\"71\">7<\/td>\n<td width=\"71\">0<\/td>\n<td width=\"71\">4<\/td>\n<td width=\"83\">7.0<\/td>\n<td width=\"90\">74.0<\/td>\n<\/tr>\n<tr>\n<td width=\"68\">5<\/td>\n<td width=\"319\">Friedhelm Schneider<\/td>\n<td width=\"71\">7<\/td>\n<td width=\"71\">0<\/td>\n<td width=\"71\">4<\/td>\n<td width=\"83\">7.0<\/td>\n<td width=\"90\">69.5<\/td>\n<\/tr>\n<tr>\n<td width=\"68\">6<\/td>\n<td width=\"319\">Elsin Smakic<\/td>\n<td width=\"71\">6<\/td>\n<td width=\"71\">0<\/td>\n<td width=\"71\">5<\/td>\n<td width=\"83\">6.0<\/td>\n<td width=\"90\">66.5<\/td>\n<\/tr>\n<tr>\n<td width=\"68\">7<\/td>\n<td width=\"319\">Lars Wei\u00dfenfels<\/td>\n<td width=\"71\">6<\/td>\n<td width=\"71\">0<\/td>\n<td width=\"71\">5<\/td>\n<td width=\"83\">6.0<\/td>\n<td width=\"90\">65.5<\/td>\n<\/tr>\n<tr>\n<td width=\"68\">8<\/td>\n<td width=\"319\">Joshua Lenz<\/td>\n<td width=\"71\">6<\/td>\n<td width=\"71\">0<\/td>\n<td width=\"71\">5<\/td>\n<td width=\"83\">6.0<\/td>\n<td width=\"90\">63.0<\/td>\n<\/tr>\n<tr>\n<td width=\"68\">9<\/td>\n<td width=\"319\">Werner Sonnhoff<\/td>\n<td width=\"71\">6<\/td>\n<td width=\"71\">0<\/td>\n<td width=\"71\">5<\/td>\n<td width=\"83\">6.0<\/td>\n<td width=\"90\">59.5<\/td>\n<\/tr>\n<tr>\n<td width=\"68\">10<\/td>\n<td width=\"319\">Kurt Sanner<\/td>\n<td width=\"71\">5<\/td>\n<td width=\"71\">1<\/td>\n<td width=\"71\">5<\/td>\n<td width=\"83\">5.5<\/td>\n<td width=\"90\">71.0<\/td>\n<\/tr>\n<tr>\n<td width=\"68\">11<\/td>\n<td width=\"319\">Ismail Smakic<\/td>\n<td width=\"71\">4<\/td>\n<td width=\"71\">3<\/td>\n<td width=\"71\">4<\/td>\n<td width=\"83\">5.5<\/td>\n<td width=\"90\">52.5<\/td>\n<\/tr>\n<tr>\n<td width=\"68\">12<\/td>\n<td width=\"319\">David Meuer<\/td>\n<td width=\"71\">5<\/td>\n<td width=\"71\">0<\/td>\n<td width=\"71\">6<\/td>\n<td width=\"83\">5.0<\/td>\n<td width=\"90\">60.5<\/td>\n<\/tr>\n<tr>\n<td width=\"68\">13<\/td>\n<td width=\"319\">Nils Kreidel<\/td>\n<td width=\"71\">4<\/td>\n<td width=\"71\">2<\/td>\n<td width=\"71\">5<\/td>\n<td width=\"83\">5.0<\/td>\n<td width=\"90\">47.5<\/td>\n<\/tr>\n<tr>\n<td width=\"68\">14<\/td>\n<td width=\"319\">Lasse Werling<\/td>\n<td width=\"71\">4<\/td>\n<td width=\"71\">1<\/td>\n<td width=\"71\">6<\/td>\n<td width=\"83\">4.5<\/td>\n<td width=\"90\">59.5<\/td>\n<\/tr>\n<tr>\n<td width=\"68\">15<\/td>\n<td width=\"319\">Tomislav Vekic<\/td>\n<td width=\"71\">4<\/td>\n<td width=\"71\">1<\/td>\n<td width=\"71\">6<\/td>\n<td width=\"83\">4.5<\/td>\n<td width=\"90\">58.0<\/td>\n<\/tr>\n<tr>\n<td width=\"68\">16<\/td>\n<td width=\"319\">Luca Engelbrecht<\/td>\n<td width=\"71\">4<\/td>\n<td width=\"71\">1<\/td>\n<td width=\"71\">6<\/td>\n<td width=\"83\">4.5<\/td>\n<td width=\"90\">51.0<\/td>\n<\/tr>\n<tr>\n<td width=\"68\">17<\/td>\n<td width=\"319\">Colin Klinkner<\/td>\n<td width=\"71\">3<\/td>\n<td width=\"71\">2<\/td>\n<td width=\"71\">6<\/td>\n<td width=\"83\">4.0<\/td>\n<td width=\"90\">48.5<\/td>\n<\/tr>\n<tr>\n<td width=\"68\">18<\/td>\n<td width=\"319\">Sipan Aycho<\/td>\n<td width=\"71\">1<\/td>\n<td width=\"71\">2<\/td>\n<td width=\"71\">8<\/td>\n<td width=\"83\">2.0<\/td>\n<td width=\"90\">51.0<\/td>\n<\/tr>\n<tr>\n<td width=\"68\">19<\/td>\n<td width=\"319\">Tim Kreidel<\/td>\n<td width=\"71\">2<\/td>\n<td width=\"71\">0<\/td>\n<td width=\"71\">9<\/td>\n<td width=\"83\">2.0<\/td>\n<td width=\"90\">48.0<\/td>\n<\/tr>\n<tr>\n<td width=\"68\">20<\/td>\n<td width=\"319\">Jonathan Lenz<\/td>\n<td width=\"71\">1<\/td>\n<td width=\"71\">0<\/td>\n<td width=\"71\">10<\/td>\n<td width=\"83\">1.0<\/td>\n<td width=\"90\">49.5<\/td>\n<\/tr>\n<\/tbody>\n<\/table>\n<p>&nbsp;<\/p>\n<p>Die Siegerehrung erfolgt w\u00e4hrend der Jahreshauptversammlung am 23. Juni.<\/p>\n","protected":false},"excerpt":{"rendered":"<p>Dennis Sanner gewinnt seinen siebten Titel im Blitzen\u00a0\u00a0\u00a0\u00a0\u00a0\u00a0\u00a0\u00a0\u00a0\u00a0\u00a0\u00a0\u00a0\u00a0\u00a0\u00a0\u00a0 (Bericht von Turnierleiter Michael Sefeloge) Da staunte der Turnierleiter aber nicht schlecht \u2013 20 (in Worten zwanzig) Teilnehmer bei unserer diesj\u00e4hrigen Vereinsmeisterschaft [&hellip;]<\/p>\n","protected":false},"author":4,"featured_media":0,"comment_status":"open","ping_status":"open","sticky":false,"template":"","format":"standard","meta":{"footnotes":""},"categories":[1],"tags":[],"_links":{"self":[{"href":"https:\/\/turm-lahnstein.de\/index.php?rest_route=\/wp\/v2\/posts\/3024"}],"collection":[{"href":"https:\/\/turm-lahnstein.de\/index.php?rest_route=\/wp\/v2\/posts"}],"about":[{"href":"https:\/\/turm-lahnstein.de\/index.php?rest_route=\/wp\/v2\/types\/post"}],"author":[{"embeddable":true,"href":"https:\/\/turm-lahnstein.de\/index.php?rest_route=\/wp\/v2\/users\/4"}],"replies":[{"embeddable":true,"href":"https:\/\/turm-lahnstein.de\/index.php?rest_route=%2Fwp%2Fv2%2Fcomments&post=3024"}],"version-history":[{"count":0,"href":"https:\/\/turm-lahnstein.de\/index.php?rest_route=\/wp\/v2\/posts\/3024\/revisions"}],"wp:attachment":[{"href":"https:\/\/turm-lahnstein.de\/index.php?rest_route=%2Fwp%2Fv2%2Fmedia&parent=3024"}],"wp:term":[{"taxonomy":"category","embeddable":true,"href":"https:\/\/turm-lahnstein.de\/index.php?rest_route=%2Fwp%2Fv2%2Fcategories&post=3024"},{"taxonomy":"post_tag","embeddable":true,"href":"https:\/\/turm-lahnstein.de\/index.php?rest_route=%2Fwp%2Fv2%2Ftags&post=3024"}],"curies":[{"name":"wp","href":"https:\/\/api.w.org\/{rel}","templated":true}]}}