{"id":3021,"date":"2017-05-04T05:59:41","date_gmt":"2017-05-04T05:59:41","guid":{"rendered":"https:\/\/turmlahnstein.wordpress.com\/?p=3021"},"modified":"2017-05-04T05:59:41","modified_gmt":"2017-05-04T05:59:41","slug":"pressebericht-faszinierende-welt-des-schachs-erleben","status":"publish","type":"post","link":"https:\/\/turm-lahnstein.de\/?p=3021","title":{"rendered":"Pressebericht: Faszinierende Welt des Schachs erleben!"},"content":{"rendered":"<p><img loading=\"lazy\" decoding=\"async\" class=\"alignright size-full wp-image-68\" src=\"https:\/\/turmlahnstein.files.wordpress.com\/2012\/09\/friedhelm_col.jpg\" alt=\"\" width=\"254\" height=\"248\" \/>Ein vielf\u00e4ltiges Schachprogramm mit dem Schachgro\u00dfmeister Sebastian Siebrecht und der deutschen Jugendmeisterin und Vizeeuropameisterin Anna Endre\u00df wird vom Mittwoch, 17.05. bis zum Samstag, 20.05.2017 im L\u00f6hr-Center Koblenz stattfinden. Unter dem Motto \u201eFaszination Schach\u201c wird sich das Koblenzer L\u00f6hr-Center an diesen Tagen von jeweils 10.00 bis 20.00 Uhr in einen bunten Erlebnisschach-Parcours verwandeln.<!--more--><\/p>\n<p>Der Schachverein Turm Lahnstein wird den Informationsstand des Schachbezirks Rhein-Nahe \u00fcber das Schach in unserer Region mitbetreuen und \u00fcber die schachsportlichen Angebote informieren.<\/p>\n<p>Neben Schachunterricht f\u00fcr Schulklassen und -gruppen, verschiedenen Schachturnieren im Blitz- und Schnellschach sowie den Show-Time Veranstaltungspunkten \u201eSchlag den Gro\u00dfmeister\u201c, Konditionsblitz, und den Simultanvorstellungen gibt es viel zu erleben, entdecken und zu erfahren.<\/p>\n<p>Das mehrfach ausgezeichnete Lehrprogramm \u201eFritz und Fertig\u201cund Informationen \u00fcber die Mitgliedsvereine des Schachbezirks runden das Angebot , das unter der Schirmherrschaft des Koblenzer Oberb\u00fcrgermeisters Prof. Dr. Joachim Hofmann-G\u00f6ttig steht, ab. Gemeinsam mit dem Center-Manager Stephan Antwerpen wird der Schirmherr den Er\u00f6ffnungszug am 17.05.2017 um 10.00 Uhr ausf\u00fchren. Interessierte jeden Alters vom Anf\u00e4nger bis zum Gro\u00dfmeister sind w\u00e4hrend der vier Tage jederzeit herzlich willkommen!<\/p>\n","protected":false},"excerpt":{"rendered":"<p>Ein vielf\u00e4ltiges Schachprogramm mit dem Schachgro\u00dfmeister Sebastian Siebrecht und der deutschen Jugendmeisterin und Vizeeuropameisterin Anna Endre\u00df wird vom Mittwoch, 17.05. bis zum Samstag, 20.05.2017 im L\u00f6hr-Center Koblenz stattfinden. Unter dem [&hellip;]<\/p>\n","protected":false},"author":4,"featured_media":0,"comment_status":"open","ping_status":"open","sticky":false,"template":"","format":"standard","meta":{"footnotes":""},"categories":[1],"tags":[],"_links":{"self":[{"href":"https:\/\/turm-lahnstein.de\/index.php?rest_route=\/wp\/v2\/posts\/3021"}],"collection":[{"href":"https:\/\/turm-lahnstein.de\/index.php?rest_route=\/wp\/v2\/posts"}],"about":[{"href":"https:\/\/turm-lahnstein.de\/index.php?rest_route=\/wp\/v2\/types\/post"}],"author":[{"embeddable":true,"href":"https:\/\/turm-lahnstein.de\/index.php?rest_route=\/wp\/v2\/users\/4"}],"replies":[{"embeddable":true,"href":"https:\/\/turm-lahnstein.de\/index.php?rest_route=%2Fwp%2Fv2%2Fcomments&post=3021"}],"version-history":[{"count":0,"href":"https:\/\/turm-lahnstein.de\/index.php?rest_route=\/wp\/v2\/posts\/3021\/revisions"}],"wp:attachment":[{"href":"https:\/\/turm-lahnstein.de\/index.php?rest_route=%2Fwp%2Fv2%2Fmedia&parent=3021"}],"wp:term":[{"taxonomy":"category","embeddable":true,"href":"https:\/\/turm-lahnstein.de\/index.php?rest_route=%2Fwp%2Fv2%2Fcategories&post=3021"},{"taxonomy":"post_tag","embeddable":true,"href":"https:\/\/turm-lahnstein.de\/index.php?rest_route=%2Fwp%2Fv2%2Ftags&post=3021"}],"curies":[{"name":"wp","href":"https:\/\/api.w.org\/{rel}","templated":true}]}}