{"id":2944,"date":"2017-04-04T20:40:30","date_gmt":"2017-04-04T20:40:30","guid":{"rendered":"https:\/\/turmlahnstein.wordpress.com\/?p=2944"},"modified":"2017-04-04T20:40:30","modified_gmt":"2017-04-04T20:40:30","slug":"kaiser-open-bad-ems-2017","status":"publish","type":"post","link":"https:\/\/turm-lahnstein.de\/?p=2944","title":{"rendered":"Kaiser-Open Bad Ems 2017"},"content":{"rendered":"<p><img loading=\"lazy\" decoding=\"async\" class=\"alignright size-medium wp-image-2945\" src=\"https:\/\/turm-lahnstein.de\/wp-content\/uploads\/2017\/04\/badems.png?w=300\" alt=\"\" width=\"300\" height=\"225\" srcset=\"https:\/\/turm-lahnstein.de\/wp-content\/uploads\/2017\/04\/badems.png 460w, https:\/\/turm-lahnstein.de\/wp-content\/uploads\/2017\/04\/badems-300x225.png 300w\" sizes=\"(max-width: 300px) 100vw, 300px\" \/>Bericht: Michael Sefeloge\u00a0\u00a0\u00a0 Foto: Saar-Schachagentur Jung<\/p>\n<p>&nbsp;<\/p>\n<p><span style=\"color:#000000;font-family:Calibri;\">Vom 24. M\u00e4rz bis 1. April fand auch in diesem Jahr das Internationale Open statt. Am Start waren insgesamt 53 Schachspieler\/innen, getrennt in Open und Senioren-Open. Gespielt wurde wie immer in H\u00e4ckers- Grandhotel, einer 5-Sterneunterkunft mit entsprechendem Ambiente, siehe Bild vom Vorjahr.<\/span><\/p>\n<p><!--more--><\/p>\n<p><span style=\"color:#000000;font-family:Calibri;\">Mit vier Spielern aus unserem Verein waren wir gut vertreten, zu den \u00fcblich Verd\u00e4chtigen Norbert Niechoj, J\u00f6rg Kap und Michael Sefeloge gesellte sich diesmal auch Peter Schreieck wieder dazu, der letztmals 2011 mitgespielt hatte. Interessant ist auch die Tatsache, dass am Ende alle vier mit 4.5\/9 Punkten dasselbe Ergebnis erziehlten, allerdings unter verschiedenen Vorraussetzungen. <\/span><\/p>\n<p><span style=\"color:#000000;font-family:Calibri;\">Im Open legte J\u00f6rg Kap einen rasanten Start hin, nach drei Runden hatte er bereits 2.5 Punkte auf dem Konto. Zur Belohnung durfte er dann gegen den einzigen IM spielen, wo es stundenlang nach einem Remis aussah, bevor sich der Titeltr\u00e4ger dann doch durchsetzte. Danach kam ein bisschen Sand in sein Spiel, nach zwei Niederlagen in Folge erholte er sich ausgerechnet mit einem Sieg gegen Peter Schreieck. Mit Platz 7 von 19 Startern bewegte er sich innerhalb der Erwartungen. <\/span><\/p>\n<p><span style=\"color:#000000;font-family:Calibri;\">Peter Schreieck war insgesamt gesehen vielleicht ein bisschen zu friedfertig eingestellt, f\u00fcnf Remise gegen meist hinter ihm gesetzte Spieler, zwei Niederlagen gegen h\u00f6here und zwei Gewinne gegen untere Gegner werden ihn sicher nicht zufrieden gestimmt haben. Da er aus 2011 noch ein Halb-Elozahl von \u00fcber 1900 hat, wird er jetzt eine richtige Zahl bekommen.<\/span><\/p>\n<p><span style=\"color:#000000;font-family:Calibri;\">Im Senioren-Open (\u00dc 60 m und \u00dc 55 w), wo Norbert Niechoj seit der ersten Austragung 2004 immer dabei war, gingen 34 Spieler\/innen an den Start. Auch er startete erfolgreich, nach sieben Runden hatte er bereits 4.5 Punkte erziehlt. Dann folgten jedoch zwei Niederlagen zum Abschlu\u00df, was Rang 18 in der Endtabelle bedeutete. Mit einem Elo-Verlust von 31 Punkten f\u00e4llt er jetzt erstmals unter die 2000er Grenze.<\/span><\/p>\n<p><span style=\"color:#000000;font-family:Calibri;\">Ich selbst war an Nr. 24 gesetzt, mit 4.5\/9 Punkten und Rang 19 blieb ich etwas \u00fcber der Erwartung. H\u00f6hepunkt f\u00fcr mich war das Remis in der 1. Runde gegen FM Stimpel aus Wiesbaden, Pech, dass ich in der 8. Runde gegen den zweiten FM spielen musste, wo mich die Verwechslung einer Zugfolge aus der Er\u00f6ffnung heraus schnell auf die Verliererstra\u00dfe brachte. In der 9. Runde spielte ich gegen den \u00e4ltesten Teilnehmer (Jahrgang 1927!), der sich vier Stunden lang heftig werte, bevor er mir die Hand reichte. Eine ganz tolle Leistung von ihm! <\/span><span style=\"color:#000000;font-family:Calibri;\">\u00a0\u00a0<\/span><span style=\"color:#000000;font-family:Calibri;\">\u00a0\u00a0\u00a0<\/span><span style=\"color:#000000;font-family:Calibri;\">\u00a0<\/span><span style=\"color:#000000;font-family:Calibri;\">\u00a0\u00a0<\/span><span style=\"color:#000000;font-family:Calibri;\">\u00a0<\/span><\/p>\n<p><span style=\"color:#000000;font-family:Calibri;\">\u00a0<\/span><\/p>\n<p align=\"center\"><span style=\"color:#000000;font-family:Calibri;\">\u00a0<\/span><\/p>\n<p><span style=\"color:#000000;font-family:Calibri;\">\u00a0<\/span><\/p>\n<p><span style=\"color:#000000;font-family:Calibri;\">\u00a0<\/span><\/p>\n<p>&nbsp;<\/p>\n","protected":false},"excerpt":{"rendered":"<p>Bericht: Michael Sefeloge\u00a0\u00a0\u00a0 Foto: Saar-Schachagentur Jung &nbsp; Vom 24. M\u00e4rz bis 1. April fand auch in diesem Jahr das Internationale Open statt. Am Start waren insgesamt 53 Schachspieler\/innen, getrennt in [&hellip;]<\/p>\n","protected":false},"author":4,"featured_media":0,"comment_status":"open","ping_status":"open","sticky":false,"template":"","format":"standard","meta":{"footnotes":""},"categories":[1],"tags":[],"_links":{"self":[{"href":"https:\/\/turm-lahnstein.de\/index.php?rest_route=\/wp\/v2\/posts\/2944"}],"collection":[{"href":"https:\/\/turm-lahnstein.de\/index.php?rest_route=\/wp\/v2\/posts"}],"about":[{"href":"https:\/\/turm-lahnstein.de\/index.php?rest_route=\/wp\/v2\/types\/post"}],"author":[{"embeddable":true,"href":"https:\/\/turm-lahnstein.de\/index.php?rest_route=\/wp\/v2\/users\/4"}],"replies":[{"embeddable":true,"href":"https:\/\/turm-lahnstein.de\/index.php?rest_route=%2Fwp%2Fv2%2Fcomments&post=2944"}],"version-history":[{"count":0,"href":"https:\/\/turm-lahnstein.de\/index.php?rest_route=\/wp\/v2\/posts\/2944\/revisions"}],"wp:attachment":[{"href":"https:\/\/turm-lahnstein.de\/index.php?rest_route=%2Fwp%2Fv2%2Fmedia&parent=2944"}],"wp:term":[{"taxonomy":"category","embeddable":true,"href":"https:\/\/turm-lahnstein.de\/index.php?rest_route=%2Fwp%2Fv2%2Fcategories&post=2944"},{"taxonomy":"post_tag","embeddable":true,"href":"https:\/\/turm-lahnstein.de\/index.php?rest_route=%2Fwp%2Fv2%2Ftags&post=2944"}],"curies":[{"name":"wp","href":"https:\/\/api.w.org\/{rel}","templated":true}]}}