{"id":2918,"date":"2017-03-19T09:13:14","date_gmt":"2017-03-19T09:13:14","guid":{"rendered":"https:\/\/turmlahnstein.wordpress.com\/?p=2918"},"modified":"2017-03-19T09:13:14","modified_gmt":"2017-03-19T09:13:14","slug":"jugendturnier-ochtendung","status":"publish","type":"post","link":"https:\/\/turm-lahnstein.de\/?p=2918","title":{"rendered":"Jugendturnier Ochtendung"},"content":{"rendered":"<p>Drei Lahnsteiner waren in Ochtendung dieses Jahr am Start. Etwas wenig, waren wir letztes Jahr noch \u00fcber 20 Teilnehmern. Klar Lasse und David waren beim Kader, Elsin und Ismail bei den Erwachsenen Rheinlandmeisterschaften, aber ich h\u00e4tte mir ein paar mehr gew\u00fcnscht. <!--more-->Jonathan ging es nach einem Sieg und einer Niederlage dann noch so schlecht, dass er aufh\u00f6ren musste. Ich hoffe es geht ihm wieder besser. Wir durften uns dann doch \u00fcber einen ersten Platz freuen. Joshua gewann nach 6 Siegen und einem Unentschieden die U12. Lediglich gegen Michael Schupfer spielte er Remis und war nach Feinwertung vorne. Johanna gewann in der U8 3 Spiele und verlor nur 2. Damit wurden sie unter 13 Teilnehmern gute 5.<\/p>\n<p>Wir gratulieren beiden f\u00fcr das erfolgreiche Turnier<\/p>\n<p><img loading=\"lazy\" decoding=\"async\" class=\"alignright size-medium wp-image-2919\" src=\"https:\/\/turm-lahnstein.de\/wp-content\/uploads\/2017\/03\/joshua2.jpg?w=300\" alt=\"\" width=\"300\" height=\"225\" srcset=\"https:\/\/turm-lahnstein.de\/wp-content\/uploads\/2017\/03\/joshua2.jpg 1200w, https:\/\/turm-lahnstein.de\/wp-content\/uploads\/2017\/03\/joshua2-300x225.jpg 300w, https:\/\/turm-lahnstein.de\/wp-content\/uploads\/2017\/03\/joshua2-1024x768.jpg 1024w, https:\/\/turm-lahnstein.de\/wp-content\/uploads\/2017\/03\/joshua2-768x576.jpg 768w\" sizes=\"(max-width: 300px) 100vw, 300px\" \/> <img loading=\"lazy\" decoding=\"async\" class=\"alignright size-medium wp-image-2920\" src=\"https:\/\/turm-lahnstein.de\/wp-content\/uploads\/2017\/03\/johanna1.jpg?w=225\" alt=\"\" width=\"225\" height=\"300\" srcset=\"https:\/\/turm-lahnstein.de\/wp-content\/uploads\/2017\/03\/johanna1.jpg 800w, https:\/\/turm-lahnstein.de\/wp-content\/uploads\/2017\/03\/johanna1-225x300.jpg 225w, https:\/\/turm-lahnstein.de\/wp-content\/uploads\/2017\/03\/johanna1-768x1023.jpg 768w\" sizes=\"(max-width: 225px) 100vw, 225px\" \/><\/p>\n<p>&nbsp;<\/p>\n","protected":false},"excerpt":{"rendered":"<p>Drei Lahnsteiner waren in Ochtendung dieses Jahr am Start. Etwas wenig, waren wir letztes Jahr noch \u00fcber 20 Teilnehmern. Klar Lasse und David waren beim Kader, Elsin und Ismail bei [&hellip;]<\/p>\n","protected":false},"author":4,"featured_media":0,"comment_status":"open","ping_status":"open","sticky":false,"template":"","format":"standard","meta":{"footnotes":""},"categories":[1],"tags":[],"_links":{"self":[{"href":"https:\/\/turm-lahnstein.de\/index.php?rest_route=\/wp\/v2\/posts\/2918"}],"collection":[{"href":"https:\/\/turm-lahnstein.de\/index.php?rest_route=\/wp\/v2\/posts"}],"about":[{"href":"https:\/\/turm-lahnstein.de\/index.php?rest_route=\/wp\/v2\/types\/post"}],"author":[{"embeddable":true,"href":"https:\/\/turm-lahnstein.de\/index.php?rest_route=\/wp\/v2\/users\/4"}],"replies":[{"embeddable":true,"href":"https:\/\/turm-lahnstein.de\/index.php?rest_route=%2Fwp%2Fv2%2Fcomments&post=2918"}],"version-history":[{"count":0,"href":"https:\/\/turm-lahnstein.de\/index.php?rest_route=\/wp\/v2\/posts\/2918\/revisions"}],"wp:attachment":[{"href":"https:\/\/turm-lahnstein.de\/index.php?rest_route=%2Fwp%2Fv2%2Fmedia&parent=2918"}],"wp:term":[{"taxonomy":"category","embeddable":true,"href":"https:\/\/turm-lahnstein.de\/index.php?rest_route=%2Fwp%2Fv2%2Fcategories&post=2918"},{"taxonomy":"post_tag","embeddable":true,"href":"https:\/\/turm-lahnstein.de\/index.php?rest_route=%2Fwp%2Fv2%2Ftags&post=2918"}],"curies":[{"name":"wp","href":"https:\/\/api.w.org\/{rel}","templated":true}]}}