{"id":2910,"date":"2017-03-15T19:53:07","date_gmt":"2017-03-15T19:53:07","guid":{"rendered":"https:\/\/turmlahnstein.wordpress.com\/?p=2910"},"modified":"2017-03-15T19:53:07","modified_gmt":"2017-03-15T19:53:07","slug":"pressebericht-landesmeisterschaft-der-juengsten-2","status":"publish","type":"post","link":"https:\/\/turm-lahnstein.de\/?p=2910","title":{"rendered":"Pressebericht: Landesmeisterschaft der J\u00fcngsten"},"content":{"rendered":"<p><span style=\"color:#000000;font-family:Times New Roman;\"><img loading=\"lazy\" decoding=\"async\" class=\"alignright size-full wp-image-68\" src=\"https:\/\/turmlahnstein.files.wordpress.com\/2012\/09\/friedhelm_col.jpg\" alt=\"\" width=\"254\" height=\"248\" \/>Die Rheinland-Pfalz-Meisterschaft ist in jedem Jahr in allen Sportarten ein H\u00f6hepunkt der verschiedenen Ereignisse. Zur Landesmeisterschaft der j\u00fcngsten Altersklassen der Schachjugend &#8211; Altersklassen U(nter) 10 und U(nter) 12 &#8211;<\/span><span style=\"color:#000000;font-family:Times New Roman;\">\u00a0 <\/span><span style=\"color:#000000;font-family:Times New Roman;\">sind die H\u00fcrden mit der Qualifikation \u00fcber die Bezirksebene und die folgende Rheinlandmeisterschaft recht hoch. Umso erfreulicher, dass vom Schachverein Turm Lahnstein mit Joshua Lenz, David Meuer und Lasse Werling wieder gleich drei Teilnehmer dabei waren. Das Jugendhaus in Mainz bot zwei Tage ausgezeichnete Spielbedingungen. <\/span><!--more--><\/p>\n<p><span style=\"color:#000000;font-family:Times New Roman;\">\u00a0<\/span><span style=\"color:#000000;font-family:Times New Roman;\">Unter den 36 Teilnehmern der U 10 spielten Lasse Werling und David Meuer toll mit. David spielte immer ganz oben mit und z\u00e4hlte eindeutig zu den Spielst\u00e4rksten dieser Altersklasse. Leider musste er sich zweimal gegen unmittelbare Konkurrenten um die vorderen Pl\u00e4tze geschlagen geben und landete mit f\u00fcnf Siegen zwar auf einen hervorragenden sechsten Platz, verpasste damit aber knapp die Qualifikation zur Deutschen Jugendmeisterschaft<\/span><span style=\"color:#000000;font-family:Times New Roman;\">. Auch Lasse \u00fcberzeugte im vorderen Mittelfeld und konnte sich mit vier Punkten \u00fcber einen 14. Platz freuen.<\/span><span style=\"color:#000000;font-family:Times New Roman;\">\u00a0<\/span><\/p>\n<p><span style=\"color:#000000;font-family:Times New Roman;\">Dass bei der U 12 ein noch sch\u00e4rferer Wind weht, wurde Joshua Lenz deutlich, der es im vergangenen Jahr in der j\u00fcngeren Altersklasse bis zur Deutschen Meisterschaft geschafft hatte. Im ersten Jahr bei den \u201e\u00c4lteren\u201c konnte er sich nach anf\u00e4nglichen R\u00fcckschl\u00e4gen nicht so gut wie erhofft in Szene setzen und belegte schlie\u00dflich mit drei Punkten aus sieben Partien Platz 23 im Teilnehmerfeld von insgesamt 38 Kindern.<\/span><span style=\"color:#000000;font-family:Times New Roman;\">\u00a0<\/span><\/p>\n<p><span style=\"color:#000000;font-family:Times New Roman;\">F\u00fcr alle drei Lahnsteiner war die Teilnahme an der Landesmeisterschaft ein bleibendes Erlebnis. <\/span><\/p>\n","protected":false},"excerpt":{"rendered":"<p>Die Rheinland-Pfalz-Meisterschaft ist in jedem Jahr in allen Sportarten ein H\u00f6hepunkt der verschiedenen Ereignisse. Zur Landesmeisterschaft der j\u00fcngsten Altersklassen der Schachjugend &#8211; Altersklassen U(nter) 10 und U(nter) 12 &#8211;\u00a0 sind [&hellip;]<\/p>\n","protected":false},"author":4,"featured_media":0,"comment_status":"open","ping_status":"open","sticky":false,"template":"","format":"standard","meta":{"footnotes":""},"categories":[1],"tags":[],"_links":{"self":[{"href":"https:\/\/turm-lahnstein.de\/index.php?rest_route=\/wp\/v2\/posts\/2910"}],"collection":[{"href":"https:\/\/turm-lahnstein.de\/index.php?rest_route=\/wp\/v2\/posts"}],"about":[{"href":"https:\/\/turm-lahnstein.de\/index.php?rest_route=\/wp\/v2\/types\/post"}],"author":[{"embeddable":true,"href":"https:\/\/turm-lahnstein.de\/index.php?rest_route=\/wp\/v2\/users\/4"}],"replies":[{"embeddable":true,"href":"https:\/\/turm-lahnstein.de\/index.php?rest_route=%2Fwp%2Fv2%2Fcomments&post=2910"}],"version-history":[{"count":0,"href":"https:\/\/turm-lahnstein.de\/index.php?rest_route=\/wp\/v2\/posts\/2910\/revisions"}],"wp:attachment":[{"href":"https:\/\/turm-lahnstein.de\/index.php?rest_route=%2Fwp%2Fv2%2Fmedia&parent=2910"}],"wp:term":[{"taxonomy":"category","embeddable":true,"href":"https:\/\/turm-lahnstein.de\/index.php?rest_route=%2Fwp%2Fv2%2Fcategories&post=2910"},{"taxonomy":"post_tag","embeddable":true,"href":"https:\/\/turm-lahnstein.de\/index.php?rest_route=%2Fwp%2Fv2%2Ftags&post=2910"}],"curies":[{"name":"wp","href":"https:\/\/api.w.org\/{rel}","templated":true}]}}