{"id":2902,"date":"2017-03-13T22:27:03","date_gmt":"2017-03-13T22:27:03","guid":{"rendered":"https:\/\/turmlahnstein.wordpress.com\/?p=2902"},"modified":"2017-03-13T22:27:03","modified_gmt":"2017-03-13T22:27:03","slug":"goethe-schule-bezirksbester-bei-den-landesmeisterschaften-im-schulschach","status":"publish","type":"post","link":"https:\/\/turm-lahnstein.de\/?p=2902","title":{"rendered":"Goethe-Schule  Bezirksbester bei den Landesmeisterschaften im Schulschach"},"content":{"rendered":"<p>(Kurt Sanner)<\/p>\n<p><span style=\"color:#000000;font-family:Calibri;\">Als Vize-Bezirksmeister des Schachverbandes Koblenz war die junge Mannschaft der Goethe-Schule am Wochenende in Hillesheim (Krimihauptstadt Deutschlands) bei den Landesschulschach-Meisterschaften am Start. Gespielt wurden 7 Runden Schweizer System mit jeweils 20min Bedenkzeit je Spieler und Partie.\u00a0 <\/span><\/p>\n<p><!--more--><\/p>\n<p><span style=\"color:#000000;font-family:Calibri;\">Gleich in der ersten Runde kam es zum Duell mit dem sp\u00e4teren Turniersieger Hohenecken. Knapp verloren ist auch verloren. 2,5:1,5 stand es am Ende mit vielen verpassten Chancen auf den Sieg. Im weiteren Turnierverlauf steigerte sich unsere Mannschaft immer mehr. Vor der letzten Runde lagen wir auf Rang 6 mit der Aussicht bei einem Sieg einen der 4 Qualifikationspl\u00e4tze zur Deutschen Schulschach-Meisterschaft zu erreichen. Mitgereiste Eltern und Betreuer fieberten eifrig <\/span><span style=\"color:#000000;font-family:Calibri;\">\u00a0<\/span><span style=\"color:#000000;font-family:Calibri;\">mit. Doch sollte es diesmal noch nicht reichen. Gau Algesheim konnte das Duell mit 3:1 f\u00fcr sich entscheiden und f\u00e4hrt nun seinerseits zur &#8222;Deutschen&#8220;. Lahnstein landete am Ende auf Rang 8 bei 16 teilnehmenden Schulen. Im n\u00e4chsten Jahr hei\u00dft es dann erneut angreifen, schlie\u00dflich ist das Gros der Mannschaft erst im dritten Schuljahr und darf somit 2018 erneut teilnehmen.\u00a0<\/span><\/p>\n<p>&nbsp;<\/p>\n<p><span style=\"color:#000000;font-family:Calibri;\">\u00a0<\/span><\/p>\n<p><span style=\"margin:0;line-height:115%;font-family:'Calibri', sans-serif;font-size:16pt;\"><span style=\"color:#000000;\">\u00a0<\/span><span style=\"color:#000000;\">F\u00fcr die Goethe-Schule Lahnstein <\/span><span style=\"color:#000000;\">\u00a0<\/span><span style=\"color:#000000;\">spielten David Meuer (6 Punkte aus 7 Spielen und damit Brettmeister am Spitzenbrett!), Peter Bida<\/span><span style=\"color:#000000;\">\u00a0 <\/span><span style=\"color:#000000;\">(3\/6), Leon Kraemer (3\/5),<\/span><span style=\"color:#000000;\">\u00a0 <\/span><span style=\"color:#000000;\">Dominik Grebel (0,5\/5) und Kacper Gralewski <\/span><\/span><\/p>\n<p>Nachtrag (Peter Ley). Auch in anderen Schulen spielten Lahnsteiner erfolgreich mit. F\u00fcr die GS Pfaffendorf, die einen guten 10.Platz erreichte, spielten Lasse Werling (5\/7) und Ben Seibel 3\/7.<\/p>\n<p><img loading=\"lazy\" decoding=\"async\" class=\"alignright size-medium wp-image-2903\" src=\"https:\/\/turm-lahnstein.de\/wp-content\/uploads\/2017\/03\/trikots.jpg?w=300\" alt=\"\" width=\"300\" height=\"169\" srcset=\"https:\/\/turm-lahnstein.de\/wp-content\/uploads\/2017\/03\/trikots.jpg 1918w, https:\/\/turm-lahnstein.de\/wp-content\/uploads\/2017\/03\/trikots-300x169.jpg 300w, https:\/\/turm-lahnstein.de\/wp-content\/uploads\/2017\/03\/trikots-1024x577.jpg 1024w, https:\/\/turm-lahnstein.de\/wp-content\/uploads\/2017\/03\/trikots-768x432.jpg 768w, https:\/\/turm-lahnstein.de\/wp-content\/uploads\/2017\/03\/trikots-1536x865.jpg 1536w\" sizes=\"(max-width: 300px) 100vw, 300px\" \/><\/p>\n<p><span style=\"color:#000000;font-family:Calibri;\">Vor der Meisterschaft \u00fcberreichte Herr Grebel neue Trikots zur Freude aller Spieler an die Mannschaft, gesponsert von der Sparda-Bank Lahnstein.<\/span><\/p>\n<p>&nbsp;<\/p>\n<p>&nbsp;<\/p>\n<p>&nbsp;<\/p>\n<p><img loading=\"lazy\" decoding=\"async\" class=\"alignright size-medium wp-image-2904\" src=\"https:\/\/turm-lahnstein.de\/wp-content\/uploads\/2017\/03\/bf886yuz.jpg?w=300\" alt=\"\" width=\"300\" height=\"169\" srcset=\"https:\/\/turm-lahnstein.de\/wp-content\/uploads\/2017\/03\/bf886yuz.jpg 800w, https:\/\/turm-lahnstein.de\/wp-content\/uploads\/2017\/03\/bf886yuz-300x169.jpg 300w, https:\/\/turm-lahnstein.de\/wp-content\/uploads\/2017\/03\/bf886yuz-768x432.jpg 768w\" sizes=\"(max-width: 300px) 100vw, 300px\" \/><span style=\"margin:0;line-height:115%;font-family:'Calibri', sans-serif;font-size:16pt;\"><span style=\"color:#000000;\">Siegerehrung durch Schulschachreferent Bernd Mallmann<\/span><\/span><\/p>\n","protected":false},"excerpt":{"rendered":"<p>(Kurt Sanner) Als Vize-Bezirksmeister des Schachverbandes Koblenz war die junge Mannschaft der Goethe-Schule am Wochenende in Hillesheim (Krimihauptstadt Deutschlands) bei den Landesschulschach-Meisterschaften am Start. Gespielt wurden 7 Runden Schweizer System [&hellip;]<\/p>\n","protected":false},"author":4,"featured_media":0,"comment_status":"open","ping_status":"open","sticky":false,"template":"","format":"standard","meta":{"footnotes":""},"categories":[1],"tags":[],"_links":{"self":[{"href":"https:\/\/turm-lahnstein.de\/index.php?rest_route=\/wp\/v2\/posts\/2902"}],"collection":[{"href":"https:\/\/turm-lahnstein.de\/index.php?rest_route=\/wp\/v2\/posts"}],"about":[{"href":"https:\/\/turm-lahnstein.de\/index.php?rest_route=\/wp\/v2\/types\/post"}],"author":[{"embeddable":true,"href":"https:\/\/turm-lahnstein.de\/index.php?rest_route=\/wp\/v2\/users\/4"}],"replies":[{"embeddable":true,"href":"https:\/\/turm-lahnstein.de\/index.php?rest_route=%2Fwp%2Fv2%2Fcomments&post=2902"}],"version-history":[{"count":0,"href":"https:\/\/turm-lahnstein.de\/index.php?rest_route=\/wp\/v2\/posts\/2902\/revisions"}],"wp:attachment":[{"href":"https:\/\/turm-lahnstein.de\/index.php?rest_route=%2Fwp%2Fv2%2Fmedia&parent=2902"}],"wp:term":[{"taxonomy":"category","embeddable":true,"href":"https:\/\/turm-lahnstein.de\/index.php?rest_route=%2Fwp%2Fv2%2Fcategories&post=2902"},{"taxonomy":"post_tag","embeddable":true,"href":"https:\/\/turm-lahnstein.de\/index.php?rest_route=%2Fwp%2Fv2%2Ftags&post=2902"}],"curies":[{"name":"wp","href":"https:\/\/api.w.org\/{rel}","templated":true}]}}