{"id":2863,"date":"2017-03-05T21:12:51","date_gmt":"2017-03-05T21:12:51","guid":{"rendered":"https:\/\/turmlahnstein.wordpress.com\/?p=2863"},"modified":"2017-03-05T21:12:51","modified_gmt":"2017-03-05T21:12:51","slug":"klarer-heimsieg","status":"publish","type":"post","link":"https:\/\/turm-lahnstein.de\/?p=2863","title":{"rendered":"Klarer Heimsieg"},"content":{"rendered":"<p>Unsere Erste zeigt, dass sie nichts mit dem Abstiegskampf zu tun haben m\u00f6chte und gewinnt deutlich gegen die G\u00e4ste aus Andernach.<!--more-->Stephan, Sabrina, Thomas und Werner holten ganze Punkte, w\u00e4hrend Ralph, Dennis und Julian jeweils einen halben Punkt zu dem 5.5:2.5 Endstand beisteuerten.<\/p>\n<p>Mit 8 Punkten aus 7 Spielen befindet sich die Mannschaft auf dem 5. Platz.<\/p>\n<p><a href=\"https:\/\/ssl-account.com\/sbrp-ergebnisdienst.de\/?p1=0:ee:R2N-16-7\" target=\"_blank\" rel=\"noopener noreferrer\">[Ergebnisse]<\/a><\/p>\n","protected":false},"excerpt":{"rendered":"<p>Unsere Erste zeigt, dass sie nichts mit dem Abstiegskampf zu tun haben m\u00f6chte und gewinnt deutlich gegen die G\u00e4ste aus Andernach.<\/p>\n","protected":false},"author":2,"featured_media":0,"comment_status":"open","ping_status":"open","sticky":false,"template":"","format":"standard","meta":{"footnotes":""},"categories":[1],"tags":[],"_links":{"self":[{"href":"https:\/\/turm-lahnstein.de\/index.php?rest_route=\/wp\/v2\/posts\/2863"}],"collection":[{"href":"https:\/\/turm-lahnstein.de\/index.php?rest_route=\/wp\/v2\/posts"}],"about":[{"href":"https:\/\/turm-lahnstein.de\/index.php?rest_route=\/wp\/v2\/types\/post"}],"author":[{"embeddable":true,"href":"https:\/\/turm-lahnstein.de\/index.php?rest_route=\/wp\/v2\/users\/2"}],"replies":[{"embeddable":true,"href":"https:\/\/turm-lahnstein.de\/index.php?rest_route=%2Fwp%2Fv2%2Fcomments&post=2863"}],"version-history":[{"count":0,"href":"https:\/\/turm-lahnstein.de\/index.php?rest_route=\/wp\/v2\/posts\/2863\/revisions"}],"wp:attachment":[{"href":"https:\/\/turm-lahnstein.de\/index.php?rest_route=%2Fwp%2Fv2%2Fmedia&parent=2863"}],"wp:term":[{"taxonomy":"category","embeddable":true,"href":"https:\/\/turm-lahnstein.de\/index.php?rest_route=%2Fwp%2Fv2%2Fcategories&post=2863"},{"taxonomy":"post_tag","embeddable":true,"href":"https:\/\/turm-lahnstein.de\/index.php?rest_route=%2Fwp%2Fv2%2Ftags&post=2863"}],"curies":[{"name":"wp","href":"https:\/\/api.w.org\/{rel}","templated":true}]}}