{"id":2810,"date":"2017-01-28T13:57:13","date_gmt":"2017-01-28T13:57:13","guid":{"rendered":"https:\/\/turmlahnstein.wordpress.com\/?p=2810"},"modified":"2017-01-28T13:57:13","modified_gmt":"2017-01-28T13:57:13","slug":"vereinsmeisterschaft-2017","status":"publish","type":"post","link":"https:\/\/turm-lahnstein.de\/?p=2810","title":{"rendered":"Vereinsmeisterschaft 2017"},"content":{"rendered":"<p>Bericht von Turnierleiter Michael Sefeloge<\/p>\n<p>Mit einer sehr erfreulichen \u00dcberraschung startete in diesem Jahr die 39. Auflage\u00a0 unserer Vereinsmeisterschaft: 26 Mitspieler\/innen bedeuteten einen neuen Teilnahmerekord! Auch das Verh\u00e4ltnis von 16 Jugendlichen zwischen 9 und 16 Jahren gegen\u00fcber zehn Erwachsenen zeigt deutlich die gesunde Altersstruktur unseres Vereins.<!--more--><\/p>\n<p>Da Vorjahresgewinner Dennis Sanner diesmal passen musste, werden die gr\u00f6\u00dften Chancen wohl Ralf Teichgr\u00e4ber und Friedhelm Schneider einger\u00e4umt. Aber auch Sabrina Ley ist jetzt dicht dran an der Spitze und k\u00f6nnte zusammen mit dem seit Monaten b\u00e4renstark aufspielenden Peter Schreieck f\u00fcr eine allerdings nur noch kleine \u00dcberraschung sorgen.<\/p>\n<p>Ergebnisse der 1. Runde:<\/p>\n<table>\n<tbody>\n<tr>\n<td width=\"281\">Elsin Smakic<\/td>\n<td width=\"189\">0:1<\/td>\n<td width=\"298\">Ralf Teichgr\u00e4ber<\/td>\n<\/tr>\n<tr>\n<td width=\"281\">Friedhelm Schneider<\/td>\n<td width=\"189\">1:0<\/td>\n<td width=\"298\">Tomislav Vekic<\/td>\n<\/tr>\n<tr>\n<td width=\"281\">Elmar Wiskirchen<\/td>\n<td width=\"189\">0:1<\/td>\n<td width=\"298\">Norbert Niechoj<\/td>\n<\/tr>\n<tr>\n<td width=\"281\">Sabrina Ley<\/td>\n<td width=\"189\">1:0<\/td>\n<td width=\"298\">David Meuer<\/td>\n<\/tr>\n<tr>\n<td width=\"281\">Ismail Smakic<\/td>\n<td width=\"189\">0:1<\/td>\n<td width=\"298\">Peter Schreieck<\/td>\n<\/tr>\n<tr>\n<td width=\"281\">Werner Sonnhoff<\/td>\n<td width=\"189\">1:0<\/td>\n<td width=\"298\">Colin Klinkner<\/td>\n<\/tr>\n<tr>\n<td width=\"281\">Lasse Werling<\/td>\n<td width=\"189\">0:1<\/td>\n<td width=\"298\">Jakub Rezakovic<\/td>\n<\/tr>\n<tr>\n<td width=\"281\">Kurt Sanner<\/td>\n<td width=\"189\">1:0<\/td>\n<td width=\"298\">Jonathan Lenz<\/td>\n<\/tr>\n<tr>\n<td width=\"281\">Christian Samtleben<\/td>\n<td width=\"189\">0:1<\/td>\n<td width=\"298\">Michael Sefeloge<\/td>\n<\/tr>\n<tr>\n<td width=\"281\">Dr. Axel M\u00fcller<\/td>\n<td width=\"189\">r (kl.)<\/td>\n<td width=\"298\">Simon Meyer<\/td>\n<\/tr>\n<tr>\n<td width=\"281\">Philipp Schramm<\/td>\n<td width=\"189\">0:1<\/td>\n<td width=\"298\">Niklas Herbel<\/td>\n<\/tr>\n<tr>\n<td width=\"281\">Joshua Lenz<\/td>\n<td width=\"189\">1:0<\/td>\n<td width=\"298\">Sipan Aycho<\/td>\n<\/tr>\n<tr>\n<td width=\"281\">Nils Kreidel<\/td>\n<td width=\"189\">r<\/td>\n<td width=\"298\">Tim Kreidel<\/td>\n<\/tr>\n<\/tbody>\n<\/table>\n<p>&nbsp;<\/p>\n<p>Auslosung der 2. Runde (<strong>3. Februar 2017<\/strong>)<\/p>\n<table>\n<tbody>\n<tr>\n<td width=\"281\">Ralf Teichgr\u00e4ber<\/td>\n<td width=\"189\">&nbsp;<\/td>\n<td width=\"298\">Werner Sonnhoff<\/td>\n<\/tr>\n<tr>\n<td width=\"281\">Jakub Rezakovic<\/td>\n<td width=\"189\">&nbsp;<\/td>\n<td width=\"298\">Friedhelm Schneider<\/td>\n<\/tr>\n<tr>\n<td width=\"281\">Norbert Niechoj<\/td>\n<td width=\"189\">&nbsp;<\/td>\n<td width=\"298\">Kurt Sanner<\/td>\n<\/tr>\n<tr>\n<td width=\"281\">Michael Sefeloge<\/td>\n<td width=\"189\">&nbsp;<\/td>\n<td width=\"298\">Sabrina Ley<\/td>\n<\/tr>\n<tr>\n<td width=\"281\">Peter Schreieck<\/td>\n<td width=\"189\">&nbsp;<\/td>\n<td width=\"298\">Joshua Lenz<\/td>\n<\/tr>\n<tr>\n<td width=\"281\">Niklas Herbel<\/td>\n<td width=\"189\">&nbsp;<\/td>\n<td width=\"298\">Dr. Axel M\u00fcller<\/td>\n<\/tr>\n<tr>\n<td width=\"281\">Simon Mayer<\/td>\n<td width=\"189\">&nbsp;<\/td>\n<td width=\"298\">Tim Kreidel<\/td>\n<\/tr>\n<tr>\n<td width=\"281\">Nils Kreidel<\/td>\n<td width=\"189\">&nbsp;<\/td>\n<td width=\"298\">Elsin Smakic<\/td>\n<\/tr>\n<tr>\n<td width=\"281\">Colin Klinkner<\/td>\n<td width=\"189\">&nbsp;<\/td>\n<td width=\"298\">Philipp Schramm<\/td>\n<\/tr>\n<tr>\n<td width=\"281\">Tomislav Vekic<\/td>\n<td width=\"189\">&nbsp;<\/td>\n<td width=\"298\">Lasse Werling<\/td>\n<\/tr>\n<tr>\n<td width=\"281\">Jonathan Lenz<\/td>\n<td width=\"189\">&nbsp;<\/td>\n<td width=\"298\">Elmar Wiskirchen<\/td>\n<\/tr>\n<tr>\n<td width=\"281\">David Meuer<\/td>\n<td width=\"189\">&nbsp;<\/td>\n<td width=\"298\">Christian Samtleben<\/td>\n<\/tr>\n<tr>\n<td width=\"281\">Sipan Aycho<\/td>\n<td width=\"189\">&nbsp;<\/td>\n<td width=\"298\">Ismail Smakic<\/td>\n<\/tr>\n<\/tbody>\n<\/table>\n<p>&nbsp;<\/p>\n","protected":false},"excerpt":{"rendered":"<p>Bericht von Turnierleiter Michael Sefeloge Mit einer sehr erfreulichen \u00dcberraschung startete in diesem Jahr die 39. Auflage\u00a0 unserer Vereinsmeisterschaft: 26 Mitspieler\/innen bedeuteten einen neuen Teilnahmerekord! Auch das Verh\u00e4ltnis von 16 [&hellip;]<\/p>\n","protected":false},"author":4,"featured_media":0,"comment_status":"open","ping_status":"open","sticky":false,"template":"","format":"standard","meta":{"footnotes":""},"categories":[1],"tags":[],"_links":{"self":[{"href":"https:\/\/turm-lahnstein.de\/index.php?rest_route=\/wp\/v2\/posts\/2810"}],"collection":[{"href":"https:\/\/turm-lahnstein.de\/index.php?rest_route=\/wp\/v2\/posts"}],"about":[{"href":"https:\/\/turm-lahnstein.de\/index.php?rest_route=\/wp\/v2\/types\/post"}],"author":[{"embeddable":true,"href":"https:\/\/turm-lahnstein.de\/index.php?rest_route=\/wp\/v2\/users\/4"}],"replies":[{"embeddable":true,"href":"https:\/\/turm-lahnstein.de\/index.php?rest_route=%2Fwp%2Fv2%2Fcomments&post=2810"}],"version-history":[{"count":0,"href":"https:\/\/turm-lahnstein.de\/index.php?rest_route=\/wp\/v2\/posts\/2810\/revisions"}],"wp:attachment":[{"href":"https:\/\/turm-lahnstein.de\/index.php?rest_route=%2Fwp%2Fv2%2Fmedia&parent=2810"}],"wp:term":[{"taxonomy":"category","embeddable":true,"href":"https:\/\/turm-lahnstein.de\/index.php?rest_route=%2Fwp%2Fv2%2Fcategories&post=2810"},{"taxonomy":"post_tag","embeddable":true,"href":"https:\/\/turm-lahnstein.de\/index.php?rest_route=%2Fwp%2Fv2%2Ftags&post=2810"}],"curies":[{"name":"wp","href":"https:\/\/api.w.org\/{rel}","templated":true}]}}