{"id":2804,"date":"2017-01-26T07:16:06","date_gmt":"2017-01-26T07:16:06","guid":{"rendered":"https:\/\/turmlahnstein.wordpress.com\/?p=2804"},"modified":"2017-01-26T07:16:06","modified_gmt":"2017-01-26T07:16:06","slug":"pressebericht-punktekonto-jetzt-ausgeglichen","status":"publish","type":"post","link":"https:\/\/turm-lahnstein.de\/?p=2804","title":{"rendered":"Pressebericht: Punktekonto jetzt ausgeglichen"},"content":{"rendered":"<p><span style=\"color:#000000;font-family:Times New Roman;\"><img loading=\"lazy\" decoding=\"async\" class=\"alignright size-full wp-image-68\" src=\"https:\/\/turmlahnstein.files.wordpress.com\/2012\/09\/friedhelm_col.jpg\" alt=\"friedhelm_col\" width=\"254\" height=\"248\" \/>Ein erfreulicher 5 : 3 Arbeitssieg gelang der ersten Mannschaft des Schachvereins Turm Lahnstein in der 2. Rheinland-Pfalz-Liga gegen den SC Idar-Oberstein.<\/span><\/p>\n<p><span style=\"color:#000000;font-family:Times New Roman;\">Die G\u00e4ste von der Nahe traten ambitioniert an. Ihre Mannschaftsaufstellung war mit einem Gro\u00dfmeister und zwei Internationalen Meistern, die nicht regelm\u00e4\u00dfig zum Einsatz kommen, gespickt. <\/span><\/p>\n<p><!--more--><\/p>\n<p><span style=\"color:#000000;font-family:Times New Roman;\">Umso h\u00f6her ist die Gewinnpartie des Lahnsteiners Spitzenspieler Egor Dranischnikow gegen einen der ukrainischen Internationalen Meister zu bewerten. Auch Bujar Murati, Stephan B\u00fcchner und Ralf Teichgr\u00e4ber holten f\u00fcr die Rhein-Lahn-St\u00e4dter volle Punkte. Sabrina Ley und Peter Schreieck steuerten jeweils ein Remis bei. Bei einem jetzt ausgeglichenen Punktekonto kann der zweiten H\u00e4lfte des Spieljahres entspannt entgegen gesehen werden.<\/span><span style=\"color:#000000;font-family:Times New Roman;\">\u00a0<\/span><\/p>\n<p><span style=\"color:#000000;font-family:Times New Roman;\">Zu einem Teilerfolg kam am selben Wochenende die dritte Vertretung in der A-Klasse. Mit einem 2,5:2,5 gegen die SSG Hunsr\u00fcck II wurden die Punkte geteilt. Frank Karzinowski und Peter Ley \u2013 letzterer kampflos, weil sein Gegner nicht anwesend war holten beide einen ganzen Punkt und Dr. Axel M\u00fcller einigte sich mit seinem Widersacher auf ein Remis.<\/span><\/p>\n<p>&nbsp;<\/p>\n","protected":false},"excerpt":{"rendered":"<p>Ein erfreulicher 5 : 3 Arbeitssieg gelang der ersten Mannschaft des Schachvereins Turm Lahnstein in der 2. Rheinland-Pfalz-Liga gegen den SC Idar-Oberstein. Die G\u00e4ste von der Nahe traten ambitioniert an. [&hellip;]<\/p>\n","protected":false},"author":4,"featured_media":0,"comment_status":"open","ping_status":"open","sticky":false,"template":"","format":"standard","meta":{"footnotes":""},"categories":[1],"tags":[],"_links":{"self":[{"href":"https:\/\/turm-lahnstein.de\/index.php?rest_route=\/wp\/v2\/posts\/2804"}],"collection":[{"href":"https:\/\/turm-lahnstein.de\/index.php?rest_route=\/wp\/v2\/posts"}],"about":[{"href":"https:\/\/turm-lahnstein.de\/index.php?rest_route=\/wp\/v2\/types\/post"}],"author":[{"embeddable":true,"href":"https:\/\/turm-lahnstein.de\/index.php?rest_route=\/wp\/v2\/users\/4"}],"replies":[{"embeddable":true,"href":"https:\/\/turm-lahnstein.de\/index.php?rest_route=%2Fwp%2Fv2%2Fcomments&post=2804"}],"version-history":[{"count":0,"href":"https:\/\/turm-lahnstein.de\/index.php?rest_route=\/wp\/v2\/posts\/2804\/revisions"}],"wp:attachment":[{"href":"https:\/\/turm-lahnstein.de\/index.php?rest_route=%2Fwp%2Fv2%2Fmedia&parent=2804"}],"wp:term":[{"taxonomy":"category","embeddable":true,"href":"https:\/\/turm-lahnstein.de\/index.php?rest_route=%2Fwp%2Fv2%2Fcategories&post=2804"},{"taxonomy":"post_tag","embeddable":true,"href":"https:\/\/turm-lahnstein.de\/index.php?rest_route=%2Fwp%2Fv2%2Ftags&post=2804"}],"curies":[{"name":"wp","href":"https:\/\/api.w.org\/{rel}","templated":true}]}}