{"id":2757,"date":"2017-01-12T09:09:06","date_gmt":"2017-01-12T09:09:06","guid":{"rendered":"https:\/\/turmlahnstein.wordpress.com\/?p=2757"},"modified":"2017-01-12T09:09:06","modified_gmt":"2017-01-12T09:09:06","slug":"pressebericht-david-meuer-neuer-jugend-rheinlandmeister","status":"publish","type":"post","link":"https:\/\/turm-lahnstein.de\/?p=2757","title":{"rendered":"Pressebericht: David Meuer neuer Jugend-Rheinlandmeister"},"content":{"rendered":"<p><img loading=\"lazy\" decoding=\"async\" class=\"alignright size-full wp-image-68\" src=\"https:\/\/turmlahnstein.files.wordpress.com\/2012\/09\/friedhelm_col.jpg\" alt=\"friedhelm_col\" width=\"254\" height=\"248\" \/>Mit neun Kindern und Jugendlichen war der Schachverein Turm Lahnstein bei den Rheinlandmeisterschaften der Altersklassen U 10 bis U 18 der Schachjugend vertreten. Das Turnier fand in der ersten Januarwoche in der Jugendherberge Oberwesel statt.<!--more--><\/p>\n<p>&nbsp;<\/p>\n<p>Die meisten Teilnehmer stellte Lahnstein in der j\u00fcngsten Altersklasse U 10. Hier schaffte der neunj\u00e4hrige David Meuer das Kunstst\u00fcck, sechs von sieben Partien zu gewinnen und nur ein Remis gegen seinen unmittelbaren Verfolger zuzulassen. Bei seiner ersten Teilnahme sicherte sich David sofort den Titel eines Jugend-Rheinlandmeisters! Die \u00fcbrigen Vertreterinnen und Vertreter des Lahnsteiner Vereins in dieser Altersklasse tummelten sich \u00fcberwiegend im Mittelfeld des neunzehnk\u00f6pfigen Feldes. Lasse Werling schaffte es mit vier Punkten noch in die obere Tabellenh\u00e4lfte und Franziska Herbel wurde Dritte unter den M\u00e4dchen. Jonathan Lenz und Zehra \u00dcnal sammelten wichtige Erfahrungen f\u00fcr kommende Spiele.<\/p>\n<p>Kaum \u00fcberraschend war, dass Sabrina Ley zum wiederholten Male Rheinland-Meisterin der M\u00e4dchen, jetzt in der Altersklasse U 18 wurde. Ihre weiter wachsende Spielst\u00e4rke zeigt ihr dritter Platz im Gesamtturnier der Jungen und M\u00e4dchen mit vier von sieben m\u00f6glichen Punkten.<\/p>\n<p>In der U 14 verzeichneten Lars Wei\u00dfenfels mit vier Punkten und dem 7. Platz sowie Noel Bendel bei drei Punkten und dem vierzehnten Platz sehr ordentliche Ergebnisse.<\/p>\n<p>In der Altersklasse U 12, die mit zwanzig Teilnehmern am st\u00e4rksten besetzt war, spielte Joshua Lenz mit f\u00fcnf Siegen und zwei Niederlagen kompromisslos. Mit f\u00fcnf Punkten verfehlte er als Vierter das Siegerpodest nur knapp, ist aber zur Rheinland-Pfalz-Meisterschaft qualifiziert.<\/p>\n<p>&nbsp;<\/p>\n<p>&nbsp;<\/p>\n<p>&nbsp;<\/p>\n","protected":false},"excerpt":{"rendered":"<p>Mit neun Kindern und Jugendlichen war der Schachverein Turm Lahnstein bei den Rheinlandmeisterschaften der Altersklassen U 10 bis U 18 der Schachjugend vertreten. Das Turnier fand in der ersten Januarwoche [&hellip;]<\/p>\n","protected":false},"author":4,"featured_media":0,"comment_status":"open","ping_status":"open","sticky":false,"template":"","format":"standard","meta":{"footnotes":""},"categories":[1],"tags":[],"_links":{"self":[{"href":"https:\/\/turm-lahnstein.de\/index.php?rest_route=\/wp\/v2\/posts\/2757"}],"collection":[{"href":"https:\/\/turm-lahnstein.de\/index.php?rest_route=\/wp\/v2\/posts"}],"about":[{"href":"https:\/\/turm-lahnstein.de\/index.php?rest_route=\/wp\/v2\/types\/post"}],"author":[{"embeddable":true,"href":"https:\/\/turm-lahnstein.de\/index.php?rest_route=\/wp\/v2\/users\/4"}],"replies":[{"embeddable":true,"href":"https:\/\/turm-lahnstein.de\/index.php?rest_route=%2Fwp%2Fv2%2Fcomments&post=2757"}],"version-history":[{"count":0,"href":"https:\/\/turm-lahnstein.de\/index.php?rest_route=\/wp\/v2\/posts\/2757\/revisions"}],"wp:attachment":[{"href":"https:\/\/turm-lahnstein.de\/index.php?rest_route=%2Fwp%2Fv2%2Fmedia&parent=2757"}],"wp:term":[{"taxonomy":"category","embeddable":true,"href":"https:\/\/turm-lahnstein.de\/index.php?rest_route=%2Fwp%2Fv2%2Fcategories&post=2757"},{"taxonomy":"post_tag","embeddable":true,"href":"https:\/\/turm-lahnstein.de\/index.php?rest_route=%2Fwp%2Fv2%2Ftags&post=2757"}],"curies":[{"name":"wp","href":"https:\/\/api.w.org\/{rel}","templated":true}]}}