{"id":2749,"date":"2017-01-07T00:41:32","date_gmt":"2017-01-07T00:41:32","guid":{"rendered":"https:\/\/turmlahnstein.wordpress.com\/?p=2749"},"modified":"2017-01-07T00:41:32","modified_gmt":"2017-01-07T00:41:32","slug":"jugend-rheinlandmeisterschaften-2017-in-oberwesel","status":"publish","type":"post","link":"https:\/\/turm-lahnstein.de\/?p=2749","title":{"rendered":"Jugend-Rheinlandmeisterschaften 2017 in Oberwesel"},"content":{"rendered":"<p><span style=\"color:#000000;font-family:Calibri;\">2 x Gold und 2 x Bronze nach Lahnstein. (Bild Stefan Meuer) <img loading=\"lazy\" decoding=\"async\" class=\"alignright size-medium wp-image-2755\" src=\"https:\/\/turm-lahnstein.de\/wp-content\/uploads\/2017\/01\/img-20170107-wa0004.jpg?w=169\" alt=\"img-20170107-wa0004\" width=\"169\" height=\"300\" srcset=\"https:\/\/turm-lahnstein.de\/wp-content\/uploads\/2017\/01\/img-20170107-wa0004.jpg 747w, https:\/\/turm-lahnstein.de\/wp-content\/uploads\/2017\/01\/img-20170107-wa0004-169x300.jpg 169w, https:\/\/turm-lahnstein.de\/wp-content\/uploads\/2017\/01\/img-20170107-wa0004-576x1024.jpg 576w\" sizes=\"(max-width: 169px) 100vw, 169px\" \/><\/span><\/p>\n<p><span style=\"color:#000000;font-family:Calibri;\">Der Schreiber dieser Zeilen kennt bis auf 2 Partien erstmal nur die Ergebnisse und so ein klein wenig was mir nebenbei noch berichtet wurde. Von den Platzierungen aus gesehen geht es in den letzten 2 Jahren wieder deutlich aufw\u00e4rts, nachdem wir damals in Cochem auch schon mal v\u00f6llig leer ausgingen. F\u00fcr alle gilt aber auch als Erfolg hier \u00fcberhaupt dabei gewesen zu sein, wenn die besten Spieler des Rheinlandes ihre Sieger ausk\u00e4mpfen.<\/span><!--more--><\/p>\n<p><span style=\"color:#000000;font-family:Calibri;\">Ich fange bei unseren J\u00fcngsten in der U10 an. Das David Meuer recht schachbegabt ist war ja nichts neues, jedoch wie er abger\u00e4umt hat schon \u00fcberrascht. In Runde 2 eine Kurzremis gegen Maximilian Pritzker, als h\u00e4tten beide geahnt, dass hier Platz 1 und 2 gegeneinander spielen und danach kommt der DWZ-Favorit. Haste davon, denkt man da, aber David \u00fcberspielte die Nr.1 v\u00f6llig, der danach das Turnier abbrach, hoffentlich nicht wegen der Niederlage. Von nun an gab es nur noch David Meuer: 1-0 in den Ergebnissen und zwangsl\u00e4ufig verdient den Titel Rheinlandmeister. Das Trainerteam gratuliert herzlich unserem neuen Titeltr\u00e4ger.<\/span><\/p>\n<p><span style=\"color:#000000;font-family:Calibri;\">Dahinter hatte ich Lasse Werling und Jonathan Lenz durchaus auch Chancen gegeben im vorderen Feld mitzuspielen. Beide standen aber zun\u00e4chst irgendwie neben sich. Jonathan spielte die ersten Runden durchaus k\u00e4mpferisch und nahm sich Zeit, aber irgendwann griff er fehl und so kam nur ein halber Punkt zu Stande. Es wurden dann noch 2,5 und Platz 17. Lasse spielte zu Beginn recht unkonzentriert und hatte auch einen klassischen Fehlstart. Mit einem gewaltigen Schlussspurt (3\/3) erreichte er noch einen guten 9.Platz. Damit hat er vielleicht auch noch eine kleine Chance bei der Rheinland-Pfalzmeisterschaft ber\u00fccksichtigt zu werden. Wir versuchen es mal. <\/span><\/p>\n<p><span style=\"color:#000000;font-family:Calibri;\">Franziska Herbel und Zehra \u00dcnal hatten es nat\u00fcrlich richtig schwer und starteten mit einer kleinen Rochade ( 2x 0). Zehra hat grunds\u00e4tzlich ein sch\u00f6nes Gef\u00fchl daf\u00fcr, wo Figuren hingeh\u00f6ren. Ihr Problem ist sich Erlerntes l\u00e4nger zu behalten und dann anzuwenden. Obwohl wir die Er\u00f6ffnung sehr oft durchgegangen sind, bekam sie die Z\u00fcge nicht so hin. Aber das ist nicht schlimm und wird sicher bald besser. Sie war mit Freude dabei und kann sich auch als Gewinnerin betrachten. Franziska legte nach den 2 Niederlagen eine Spurt von 3 Siegen hin und war auf einmal vorne bei den M\u00e4dchen. Das Tempo konnte sie nat\u00fcrlich nicht halten, aber Platz 13 und 3.M\u00e4dchen waren mehr als zu erwarten war.<\/span><\/p>\n<p><span style=\"color:#000000;font-family:Calibri;\">\u00a0<\/span><\/p>\n<p><span style=\"color:#000000;font-family:Calibri;\">In der U12 hatten wir nur Joshua Lenz am Start. Vorweg er spielte ein gutes Turnier. Mit kompomisslosem Schach gab es nur Sieg oder Niederlage. Es wurden dann 5 Siege. Das Podest verpasste er nur nach Zweitwertung, echt \u00e4rgerlich, aber verkraftbar. Bei den Rheinland-Pfalzmeisterschaften wird er sicher dabei sein. In seiner Einstellung hat er sich deutlich verbessert und kniet sich in seine Partien voll rein. <\/span><\/p>\n<p><span style=\"color:#000000;font-family:Calibri;\">In der U14 hatten Lars Wei\u00dfenfels und Noel Bendel qualifiziert. Noel gewann einmal, bei 2 Niederlagen und 4 Remis. Vielleicht etwas zu friedfertig, allerdings war die Partie die ich gesehen habe bis ins hohe Endspiel ausgek\u00e4mpft. Ich bin immer wieder erstaunt wie gut sie mit den Besten mithalten kann, obwohl sie oft Monate nicht trainiert. Was k\u00f6nnte da m\u00f6glich sein. Als 3.M\u00e4dchen erreichte sie sogar noch das Podium. Beim Training sieht man Lars nur wenig h\u00e4ufiger und auch er spielt trotzdem gutes Schach. F\u00fcr ganz vorne reicht es nicht , aber immerhin mit 4 Punkten und Platz 7 ist er von der Spitze nicht so weit weg. <\/span><span style=\"color:#000000;font-family:Calibri;\">\u00a0<\/span><span style=\"color:#000000;font-family:Calibri;\">Ich hoffe, dass beide noch einmal Feuer fangen und angreifen, dann sind sicher auch Pl\u00e4tze unter den ersten 5 drin. Beide k\u00f6nnen mit ihrem Turnier sehr zufrieden sein.<\/span><\/p>\n<p><span style=\"color:#000000;font-family:Calibri;\">Nicht vollends zufrieden ist Sabrina in der U18, obwohl sie wieder Rheinlandmeisterin wurde. Das ist mit der bei den M\u00e4dchen schwindenden Konkurrenz immer weniger von Bedeutung. Der 3.Platz im Gesamtfeld ist da schon aussagekr\u00e4ftiger. Das war sicher gut, es h\u00e4tten aber durchaus mehr als 4 Punkte sein k\u00f6nnen. Besonders \u00e4rgerlich die letzte Partie als sie mit 1 Minute Restbedenkzeit ein klar gewonnenes Endspiel noch vergeigte und eine Pattfalle \u00fcbersah. Den wilden Turm h\u00e4tte sie am liebsten\u2026. Passiert, auch ihr gratulieren wir zum Titel.<\/span><\/p>\n<p>Beim Blitzen landete David hinter Matteo Metzdorf auf Rang 2, Sabrina wurde 3. und Lasse ebenso 3. ( er kann es doch).<\/p>\n<p>&nbsp;<\/p>\n<p>Die Ergebnisse auf <a href=\"http:\/\/www.schachjugend-rheinland.de\/?Turniere___Einzelmeisterschaften_2017\" target=\"_blank\" rel=\"noopener noreferrer\">http:\/\/www.schachjugend-rheinland.de\/?Turniere___Einzelmeisterschaften_2017<\/a><\/p>\n<p>&nbsp;<\/p>\n<p><span style=\"color:#000000;font-family:Calibri;\">\u00a0<\/span><\/p>\n","protected":false},"excerpt":{"rendered":"<p>2 x Gold und 2 x Bronze nach Lahnstein. (Bild Stefan Meuer) Der Schreiber dieser Zeilen kennt bis auf 2 Partien erstmal nur die Ergebnisse und so ein klein wenig [&hellip;]<\/p>\n","protected":false},"author":4,"featured_media":0,"comment_status":"open","ping_status":"open","sticky":false,"template":"","format":"standard","meta":{"footnotes":""},"categories":[1],"tags":[],"_links":{"self":[{"href":"https:\/\/turm-lahnstein.de\/index.php?rest_route=\/wp\/v2\/posts\/2749"}],"collection":[{"href":"https:\/\/turm-lahnstein.de\/index.php?rest_route=\/wp\/v2\/posts"}],"about":[{"href":"https:\/\/turm-lahnstein.de\/index.php?rest_route=\/wp\/v2\/types\/post"}],"author":[{"embeddable":true,"href":"https:\/\/turm-lahnstein.de\/index.php?rest_route=\/wp\/v2\/users\/4"}],"replies":[{"embeddable":true,"href":"https:\/\/turm-lahnstein.de\/index.php?rest_route=%2Fwp%2Fv2%2Fcomments&post=2749"}],"version-history":[{"count":0,"href":"https:\/\/turm-lahnstein.de\/index.php?rest_route=\/wp\/v2\/posts\/2749\/revisions"}],"wp:attachment":[{"href":"https:\/\/turm-lahnstein.de\/index.php?rest_route=%2Fwp%2Fv2%2Fmedia&parent=2749"}],"wp:term":[{"taxonomy":"category","embeddable":true,"href":"https:\/\/turm-lahnstein.de\/index.php?rest_route=%2Fwp%2Fv2%2Fcategories&post=2749"},{"taxonomy":"post_tag","embeddable":true,"href":"https:\/\/turm-lahnstein.de\/index.php?rest_route=%2Fwp%2Fv2%2Ftags&post=2749"}],"curies":[{"name":"wp","href":"https:\/\/api.w.org\/{rel}","templated":true}]}}