{"id":2708,"date":"2016-12-05T17:30:12","date_gmt":"2016-12-05T17:30:12","guid":{"rendered":"https:\/\/turmlahnstein.wordpress.com\/?p=2708"},"modified":"2016-12-05T17:30:12","modified_gmt":"2016-12-05T17:30:12","slug":"simultanspiel","status":"publish","type":"post","link":"https:\/\/turm-lahnstein.de\/?p=2708","title":{"rendered":"Simultanspiel"},"content":{"rendered":"<p style=\"text-align:left;\" align=\"center\"><span style=\"color:#000000;font-family:Calibri;\">von Vereinsmeister Dennis Sanner am 2. Dezember 2016. (Bericht v. Michael Sefeloge)<\/span><\/p>\n<p>Seit unserer Vereinsgr\u00fcndung im Jahr 1979 ist es Tradition, dass der amtierende Vereinsmeister sich noch im gleichen Jahr den Mitgliedern zu einem Revanchekampf stellt. In den allermeisten F\u00e4llen gelang es dabei nicht, dem VM ein Bein zu stellen, war die \u00dcberlegenheit doch einfach zu gro\u00df. Auch in diesem Jahr schien sie von Beginn an \u00fcberm\u00e4chtig, war doch kein Spieler der ersten Mannschaft mit dabei.<!--more--> Umso \u00fcberraschender dann das Remis von Werner Sonnhoff nach knapp anderthalb Stunden, sollte der Fide-Meister an diesem Abend tats\u00e4chlich milde gestimmt sein? Die Antwort lautet: Nein! Denn in den n\u00e4chsten sieben Partien kn\u00fcpfte er nahtlos dort an, wo er neun Monate zuvor aufgeh\u00f6rt hatte, mit einem 100%-Ergebnis n\u00e4mlich.<\/p>\n<p>Inzwischen war die Maschinerie des Meisters n\u00e4mlich in Gang gekommen &#8211; alles war gut ge\u00f6lt (mit einem gro\u00dfen Bier, alkoholfrei nat\u00fcrlich) \u2013 sie walzte alles nieder, eine Hand nach der anderen streckte sich ihm zur Aufgabe entgegen. Als letzter hisste Elmar Wiskirchen die wei\u00dfe Flagge, nach 2 Stunden und f\u00fcnfzig Minuten war alles vorbei, der Meister hatte mit 7.5 Punkten aus acht Partien gewonnen!<\/p>\n<p>&nbsp;<\/p>\n<table>\n<tbody>\n<tr>\n<td width=\"192\"><strong>Vereinsmeister<\/strong><\/td>\n<td width=\"124\"><strong>Ergebnis<\/strong><\/td>\n<td width=\"292\"><strong>Gegner<\/strong><\/td>\n<td width=\"159\"><strong>Zeit<\/strong><\/td>\n<\/tr>\n<tr>\n<td width=\"192\">&nbsp;<\/td>\n<td width=\"124\">&nbsp;<\/td>\n<td width=\"292\">&nbsp;<\/td>\n<td width=\"159\">&nbsp;<\/td>\n<\/tr>\n<tr>\n<td width=\"192\"><strong>Dennis Sanner<\/strong><\/td>\n<td width=\"124\">r<\/td>\n<td width=\"292\">Werner Sonnhoff<\/td>\n<td width=\"159\">1.26<\/td>\n<\/tr>\n<tr>\n<td width=\"192\"><strong>\u00a0<\/strong><\/td>\n<td width=\"124\">1:0<\/td>\n<td width=\"292\">Ismael Smakic<\/td>\n<td width=\"159\">1.35<\/td>\n<\/tr>\n<tr>\n<td width=\"192\"><strong>\u00a0<\/strong><\/td>\n<td width=\"124\">1:0<\/td>\n<td width=\"292\">Elsin Smakic<\/td>\n<td width=\"159\">1.55<\/td>\n<\/tr>\n<tr>\n<td width=\"192\"><strong>\u00a0<\/strong><\/td>\n<td width=\"124\">1:0<\/td>\n<td width=\"292\">Tomislav Vekic<\/td>\n<td width=\"159\">2.25<\/td>\n<\/tr>\n<tr>\n<td width=\"192\"><strong>\u00a0<\/strong><\/td>\n<td width=\"124\">1:0<\/td>\n<td width=\"292\">Peter Schreieck<\/td>\n<td width=\"159\">2.30<\/td>\n<\/tr>\n<tr>\n<td width=\"192\"><strong>\u00a0<\/strong><\/td>\n<td width=\"124\">1:0<\/td>\n<td width=\"292\">Friedhelm Schneider<\/td>\n<td width=\"159\">2.45<\/td>\n<\/tr>\n<tr>\n<td width=\"192\"><strong>\u00a0<\/strong><\/td>\n<td width=\"124\">1:0<\/td>\n<td width=\"292\">Kurt Sanner<\/td>\n<td width=\"159\">2.48<\/td>\n<\/tr>\n<tr>\n<td width=\"192\"><strong>\u00a0<\/strong><\/td>\n<td width=\"124\">1:0<\/td>\n<td width=\"292\">Elmar Wiskirchen<\/td>\n<td width=\"159\">2.50<\/td>\n<\/tr>\n<\/tbody>\n<\/table>\n<p>&nbsp;<\/p>\n<p>Endergebnis: 7.5\/8 Punkten = 94% (!!)<\/p>\n<p style=\"text-align:left;\" align=\"center\">\n","protected":false},"excerpt":{"rendered":"<p>von Vereinsmeister Dennis Sanner am 2. Dezember 2016. (Bericht v. Michael Sefeloge) Seit unserer Vereinsgr\u00fcndung im Jahr 1979 ist es Tradition, dass der amtierende Vereinsmeister sich noch im gleichen Jahr [&hellip;]<\/p>\n","protected":false},"author":4,"featured_media":0,"comment_status":"open","ping_status":"open","sticky":false,"template":"","format":"standard","meta":{"footnotes":""},"categories":[1],"tags":[],"_links":{"self":[{"href":"https:\/\/turm-lahnstein.de\/index.php?rest_route=\/wp\/v2\/posts\/2708"}],"collection":[{"href":"https:\/\/turm-lahnstein.de\/index.php?rest_route=\/wp\/v2\/posts"}],"about":[{"href":"https:\/\/turm-lahnstein.de\/index.php?rest_route=\/wp\/v2\/types\/post"}],"author":[{"embeddable":true,"href":"https:\/\/turm-lahnstein.de\/index.php?rest_route=\/wp\/v2\/users\/4"}],"replies":[{"embeddable":true,"href":"https:\/\/turm-lahnstein.de\/index.php?rest_route=%2Fwp%2Fv2%2Fcomments&post=2708"}],"version-history":[{"count":0,"href":"https:\/\/turm-lahnstein.de\/index.php?rest_route=\/wp\/v2\/posts\/2708\/revisions"}],"wp:attachment":[{"href":"https:\/\/turm-lahnstein.de\/index.php?rest_route=%2Fwp%2Fv2%2Fmedia&parent=2708"}],"wp:term":[{"taxonomy":"category","embeddable":true,"href":"https:\/\/turm-lahnstein.de\/index.php?rest_route=%2Fwp%2Fv2%2Fcategories&post=2708"},{"taxonomy":"post_tag","embeddable":true,"href":"https:\/\/turm-lahnstein.de\/index.php?rest_route=%2Fwp%2Fv2%2Ftags&post=2708"}],"curies":[{"name":"wp","href":"https:\/\/api.w.org\/{rel}","templated":true}]}}