{"id":2701,"date":"2016-12-01T07:15:17","date_gmt":"2016-12-01T07:15:17","guid":{"rendered":"https:\/\/turmlahnstein.wordpress.com\/?p=2701"},"modified":"2016-12-01T07:15:17","modified_gmt":"2016-12-01T07:15:17","slug":"niederlagen-zu-verdauen","status":"publish","type":"post","link":"https:\/\/turm-lahnstein.de\/?p=2701","title":{"rendered":"Niederlagen zu verdauen"},"content":{"rendered":"<p><img loading=\"lazy\" decoding=\"async\" class=\"alignright size-full wp-image-68\" src=\"https:\/\/turmlahnstein.files.wordpress.com\/2012\/09\/friedhelm_col.jpg\" alt=\"friedhelm_col\" width=\"254\" height=\"248\" \/>Auch wenn mehrere Mannschaften an einem Wochenende im Einsatz sind, kann es vorkommen, dass man am Ende ohne jeden Mannschaftspunkt da steht. So geschehen dem Schachverein Turm Lahnstein am vergangenen Wochenende.<!--more--><\/p>\n<p>Samstagabend musste sich die vierte Mannschaft zun\u00e4chst der SSG G\u00fcls\/Niederfell III mit 1 : 3 geschlagen geben. Nach Niederlagen durch Ismail Smakic und Luca Engelbrecht k\u00e4mpften Martin Walzer und Tomislaw Vekic deutlich l\u00e4nger, konnten aber letztlich beide nur je ein Remis erzielen, so dass ein Ausgleichen des R\u00fcckstandes nicht m\u00f6glich war.<\/p>\n<p>Die zweite Mannschaft hatte in der Rheinland-Liga die SG Rheinbreitbach\/Linz zu Gast. Es entwickelten sich acht spannende Partien, von denen die erste erst nach 3 \u00bd Stunden beendet wurde. Je l\u00e4nger das Spiel dauerte, desto klarer wurde aber, dass die G\u00e4ste das bessere Ende f\u00fcr sjch haben w\u00fcrden. Schlie\u00dflich standen einer Gewinnpartie durch Friedhelm Schneider und drei Remisen durch Werner Sonnhoff, Markus M\u00fcller und Michael Sefeloge vier Verlustpartien gegen\u00fcber, so dass die Niederlage mit 2,5:5,5 recht deutlich ausfiel.<\/p>\n","protected":false},"excerpt":{"rendered":"<p>Auch wenn mehrere Mannschaften an einem Wochenende im Einsatz sind, kann es vorkommen, dass man am Ende ohne jeden Mannschaftspunkt da steht. So geschehen dem Schachverein Turm Lahnstein am vergangenen [&hellip;]<\/p>\n","protected":false},"author":4,"featured_media":0,"comment_status":"open","ping_status":"open","sticky":false,"template":"","format":"standard","meta":{"footnotes":""},"categories":[1],"tags":[],"_links":{"self":[{"href":"https:\/\/turm-lahnstein.de\/index.php?rest_route=\/wp\/v2\/posts\/2701"}],"collection":[{"href":"https:\/\/turm-lahnstein.de\/index.php?rest_route=\/wp\/v2\/posts"}],"about":[{"href":"https:\/\/turm-lahnstein.de\/index.php?rest_route=\/wp\/v2\/types\/post"}],"author":[{"embeddable":true,"href":"https:\/\/turm-lahnstein.de\/index.php?rest_route=\/wp\/v2\/users\/4"}],"replies":[{"embeddable":true,"href":"https:\/\/turm-lahnstein.de\/index.php?rest_route=%2Fwp%2Fv2%2Fcomments&post=2701"}],"version-history":[{"count":0,"href":"https:\/\/turm-lahnstein.de\/index.php?rest_route=\/wp\/v2\/posts\/2701\/revisions"}],"wp:attachment":[{"href":"https:\/\/turm-lahnstein.de\/index.php?rest_route=%2Fwp%2Fv2%2Fmedia&parent=2701"}],"wp:term":[{"taxonomy":"category","embeddable":true,"href":"https:\/\/turm-lahnstein.de\/index.php?rest_route=%2Fwp%2Fv2%2Fcategories&post=2701"},{"taxonomy":"post_tag","embeddable":true,"href":"https:\/\/turm-lahnstein.de\/index.php?rest_route=%2Fwp%2Fv2%2Ftags&post=2701"}],"curies":[{"name":"wp","href":"https:\/\/api.w.org\/{rel}","templated":true}]}}