{"id":2544,"date":"2016-10-14T14:02:52","date_gmt":"2016-10-14T14:02:52","guid":{"rendered":"https:\/\/turmlahnstein.wordpress.com\/?p=2544"},"modified":"2016-10-14T14:02:52","modified_gmt":"2016-10-14T14:02:52","slug":"turm-lahnstein-auf-dem-hexenmarkt","status":"publish","type":"post","link":"https:\/\/turm-lahnstein.de\/?p=2544","title":{"rendered":"Turm Lahnstein auf dem Hexenmarkt"},"content":{"rendered":"<p><img loading=\"lazy\" decoding=\"async\" class=\"size-medium wp-image-2545 alignright\" src=\"https:\/\/turm-lahnstein.de\/wp-content\/uploads\/2016\/10\/hex-2016-2.jpg?w=225\" alt=\"hex-2016-2\" width=\"225\" height=\"300\" srcset=\"https:\/\/turm-lahnstein.de\/wp-content\/uploads\/2016\/10\/hex-2016-2.jpg 1200w, https:\/\/turm-lahnstein.de\/wp-content\/uploads\/2016\/10\/hex-2016-2-225x300.jpg 225w, https:\/\/turm-lahnstein.de\/wp-content\/uploads\/2016\/10\/hex-2016-2-768x1024.jpg 768w, https:\/\/turm-lahnstein.de\/wp-content\/uploads\/2016\/10\/hex-2016-2-1152x1536.jpg 1152w\" sizes=\"(max-width: 225px) 100vw, 225px\" \/>Der SV Turm pr\u00e4sentierte sich mit einem umfangreichen Angebot auf dem diesj\u00e4hrigen Lahnsteiner Hexenmarkt. Unser Stand an der Kirche zwischen Kinderkarusell und dem Niederlahnsteiner Karnevalverein lud zum Schachspielen ein. Daneben konnte man aber auch die Unterlagen zu unserem Jugendtraining, einige Aufgaben, Werbematerial und Schachhefte durchlesen und teilweise mitnehmen.<!--more--> Ab 14:00 Uhr stand dann Sabrina als Rheinland-Pfalzmeisterin zum Spielen zur Verf\u00fcgung. Sonntags war der Andrang, nach einem verhaltenen Start noch gr\u00f6\u00dfer. Mittags spielten wir dann unter unseren Jugendlichen bis U12, den ersten Hexenpokal aus. Hexenmeister wurde Joshua Lenz vor David Meuer und Lasse Werling. Aber auch unsere anderen teilnehmenden Jugendlichen Franziska Herbel, Zehra \u00dcnal, Philipp Schramm und Jonathan Lenz zeigten den Kiebitzen wie gut unser Nachwuchs schon kombinieren kann. Danach stellte sich Ex-Rheinlandmeister FM Dennis Sanner als Schachpartner zur Verf\u00fcgung. Neben dem Schach kamen auch einige Mitglieder und Eltern f\u00fcr einen kleinen Plausch vorbei. Ein langes Schachwochenende ging zu Ende. Wir bedanken uns bei allen Helfern, Eltern und Kindern, die durch Ihre Anwesenheit unseren Stand bereichert haben.<\/p>\n<p>Anbei ein paar Impressionen von unserem Stand.<\/p>\n<div id='gallery-1' class='gallery galleryid-2544 gallery-columns-3 gallery-size-medium'><figure class='gallery-item'>\n\t\t\t<div class='gallery-icon portrait'>\n\t\t\t\t<a href='https:\/\/turm-lahnstein.de\/?attachment_id=2546'><img loading=\"lazy\" decoding=\"async\" width=\"225\" height=\"300\" src=\"https:\/\/turm-lahnstein.de\/wp-content\/uploads\/2016\/10\/hex-2016-1-225x300.jpg\" class=\"attachment-medium size-medium\" alt=\"\" srcset=\"https:\/\/turm-lahnstein.de\/wp-content\/uploads\/2016\/10\/hex-2016-1-225x300.jpg 225w, https:\/\/turm-lahnstein.de\/wp-content\/uploads\/2016\/10\/hex-2016-1-768x1024.jpg 768w, https:\/\/turm-lahnstein.de\/wp-content\/uploads\/2016\/10\/hex-2016-1-1152x1536.jpg 1152w, https:\/\/turm-lahnstein.de\/wp-content\/uploads\/2016\/10\/hex-2016-1.jpg 1200w\" sizes=\"(max-width: 225px) 100vw, 225px\" \/><\/a>\n\t\t\t<\/div><\/figure><figure class='gallery-item'>\n\t\t\t<div class='gallery-icon portrait'>\n\t\t\t\t<a href='https:\/\/turm-lahnstein.de\/?attachment_id=2547'><img loading=\"lazy\" decoding=\"async\" width=\"225\" height=\"300\" src=\"https:\/\/turm-lahnstein.de\/wp-content\/uploads\/2016\/10\/hex-2016-3-225x300.jpg\" class=\"attachment-medium size-medium\" alt=\"\" srcset=\"https:\/\/turm-lahnstein.de\/wp-content\/uploads\/2016\/10\/hex-2016-3-225x300.jpg 225w, https:\/\/turm-lahnstein.de\/wp-content\/uploads\/2016\/10\/hex-2016-3-768x1024.jpg 768w, https:\/\/turm-lahnstein.de\/wp-content\/uploads\/2016\/10\/hex-2016-3-1152x1536.jpg 1152w, https:\/\/turm-lahnstein.de\/wp-content\/uploads\/2016\/10\/hex-2016-3.jpg 1200w\" sizes=\"(max-width: 225px) 100vw, 225px\" \/><\/a>\n\t\t\t<\/div><\/figure><figure class='gallery-item'>\n\t\t\t<div class='gallery-icon landscape'>\n\t\t\t\t<a href='https:\/\/turm-lahnstein.de\/?attachment_id=2548'><img loading=\"lazy\" decoding=\"async\" width=\"300\" height=\"169\" src=\"https:\/\/turm-lahnstein.de\/wp-content\/uploads\/2016\/10\/hex-2016-4-300x169.jpg\" class=\"attachment-medium size-medium\" alt=\"\" srcset=\"https:\/\/turm-lahnstein.de\/wp-content\/uploads\/2016\/10\/hex-2016-4-300x169.jpg 300w, https:\/\/turm-lahnstein.de\/wp-content\/uploads\/2016\/10\/hex-2016-4-1024x576.jpg 1024w, https:\/\/turm-lahnstein.de\/wp-content\/uploads\/2016\/10\/hex-2016-4-768x432.jpg 768w, https:\/\/turm-lahnstein.de\/wp-content\/uploads\/2016\/10\/hex-2016-4.jpg 1200w\" sizes=\"(max-width: 300px) 100vw, 300px\" \/><\/a>\n\t\t\t<\/div><\/figure><figure class='gallery-item'>\n\t\t\t<div class='gallery-icon portrait'>\n\t\t\t\t<a href='https:\/\/turm-lahnstein.de\/?attachment_id=2549'><img loading=\"lazy\" decoding=\"async\" width=\"169\" height=\"300\" src=\"https:\/\/turm-lahnstein.de\/wp-content\/uploads\/2016\/10\/hex-2016-5-169x300.jpg\" class=\"attachment-medium size-medium\" alt=\"\" srcset=\"https:\/\/turm-lahnstein.de\/wp-content\/uploads\/2016\/10\/hex-2016-5-169x300.jpg 169w, https:\/\/turm-lahnstein.de\/wp-content\/uploads\/2016\/10\/hex-2016-5-577x1024.jpg 577w, https:\/\/turm-lahnstein.de\/wp-content\/uploads\/2016\/10\/hex-2016-5-768x1364.jpg 768w, https:\/\/turm-lahnstein.de\/wp-content\/uploads\/2016\/10\/hex-2016-5-865x1536.jpg 865w, https:\/\/turm-lahnstein.de\/wp-content\/uploads\/2016\/10\/hex-2016-5.jpg 901w\" sizes=\"(max-width: 169px) 100vw, 169px\" \/><\/a>\n\t\t\t<\/div><\/figure><figure class='gallery-item'>\n\t\t\t<div class='gallery-icon landscape'>\n\t\t\t\t<a href='https:\/\/turm-lahnstein.de\/?attachment_id=2550'><img loading=\"lazy\" decoding=\"async\" width=\"300\" height=\"169\" src=\"https:\/\/turm-lahnstein.de\/wp-content\/uploads\/2016\/10\/hex-2016-6-300x169.jpg\" class=\"attachment-medium size-medium\" alt=\"\" srcset=\"https:\/\/turm-lahnstein.de\/wp-content\/uploads\/2016\/10\/hex-2016-6-300x169.jpg 300w, https:\/\/turm-lahnstein.de\/wp-content\/uploads\/2016\/10\/hex-2016-6-1024x576.jpg 1024w, https:\/\/turm-lahnstein.de\/wp-content\/uploads\/2016\/10\/hex-2016-6-768x432.jpg 768w, https:\/\/turm-lahnstein.de\/wp-content\/uploads\/2016\/10\/hex-2016-6.jpg 1200w\" sizes=\"(max-width: 300px) 100vw, 300px\" \/><\/a>\n\t\t\t<\/div><\/figure><figure class='gallery-item'>\n\t\t\t<div class='gallery-icon landscape'>\n\t\t\t\t<a href='https:\/\/turm-lahnstein.de\/?attachment_id=2551'><img loading=\"lazy\" decoding=\"async\" width=\"300\" height=\"169\" src=\"https:\/\/turm-lahnstein.de\/wp-content\/uploads\/2016\/10\/hex-2016-8-300x169.jpg\" class=\"attachment-medium size-medium\" alt=\"\" srcset=\"https:\/\/turm-lahnstein.de\/wp-content\/uploads\/2016\/10\/hex-2016-8-300x169.jpg 300w, https:\/\/turm-lahnstein.de\/wp-content\/uploads\/2016\/10\/hex-2016-8-1024x576.jpg 1024w, https:\/\/turm-lahnstein.de\/wp-content\/uploads\/2016\/10\/hex-2016-8-768x432.jpg 768w, https:\/\/turm-lahnstein.de\/wp-content\/uploads\/2016\/10\/hex-2016-8.jpg 1200w\" sizes=\"(max-width: 300px) 100vw, 300px\" \/><\/a>\n\t\t\t<\/div><\/figure><figure class='gallery-item'>\n\t\t\t<div class='gallery-icon landscape'>\n\t\t\t\t<a href='https:\/\/turm-lahnstein.de\/?attachment_id=2552'><img loading=\"lazy\" decoding=\"async\" width=\"300\" height=\"169\" src=\"https:\/\/turm-lahnstein.de\/wp-content\/uploads\/2016\/10\/hex-2016-9-300x169.jpg\" class=\"attachment-medium size-medium\" alt=\"\" srcset=\"https:\/\/turm-lahnstein.de\/wp-content\/uploads\/2016\/10\/hex-2016-9-300x169.jpg 300w, https:\/\/turm-lahnstein.de\/wp-content\/uploads\/2016\/10\/hex-2016-9-1024x576.jpg 1024w, https:\/\/turm-lahnstein.de\/wp-content\/uploads\/2016\/10\/hex-2016-9-768x432.jpg 768w, https:\/\/turm-lahnstein.de\/wp-content\/uploads\/2016\/10\/hex-2016-9.jpg 1200w\" sizes=\"(max-width: 300px) 100vw, 300px\" \/><\/a>\n\t\t\t<\/div><\/figure>\n\t\t<\/div>\n\n","protected":false},"excerpt":{"rendered":"<p>Der SV Turm pr\u00e4sentierte sich mit einem umfangreichen Angebot auf dem diesj\u00e4hrigen Lahnsteiner Hexenmarkt. Unser Stand an der Kirche zwischen Kinderkarusell und dem Niederlahnsteiner Karnevalverein lud zum Schachspielen ein. Daneben [&hellip;]<\/p>\n","protected":false},"author":4,"featured_media":0,"comment_status":"open","ping_status":"open","sticky":false,"template":"","format":"standard","meta":{"footnotes":""},"categories":[1],"tags":[],"_links":{"self":[{"href":"https:\/\/turm-lahnstein.de\/index.php?rest_route=\/wp\/v2\/posts\/2544"}],"collection":[{"href":"https:\/\/turm-lahnstein.de\/index.php?rest_route=\/wp\/v2\/posts"}],"about":[{"href":"https:\/\/turm-lahnstein.de\/index.php?rest_route=\/wp\/v2\/types\/post"}],"author":[{"embeddable":true,"href":"https:\/\/turm-lahnstein.de\/index.php?rest_route=\/wp\/v2\/users\/4"}],"replies":[{"embeddable":true,"href":"https:\/\/turm-lahnstein.de\/index.php?rest_route=%2Fwp%2Fv2%2Fcomments&post=2544"}],"version-history":[{"count":0,"href":"https:\/\/turm-lahnstein.de\/index.php?rest_route=\/wp\/v2\/posts\/2544\/revisions"}],"wp:attachment":[{"href":"https:\/\/turm-lahnstein.de\/index.php?rest_route=%2Fwp%2Fv2%2Fmedia&parent=2544"}],"wp:term":[{"taxonomy":"category","embeddable":true,"href":"https:\/\/turm-lahnstein.de\/index.php?rest_route=%2Fwp%2Fv2%2Fcategories&post=2544"},{"taxonomy":"post_tag","embeddable":true,"href":"https:\/\/turm-lahnstein.de\/index.php?rest_route=%2Fwp%2Fv2%2Ftags&post=2544"}],"curies":[{"name":"wp","href":"https:\/\/api.w.org\/{rel}","templated":true}]}}