{"id":2502,"date":"2016-10-06T10:05:27","date_gmt":"2016-10-06T10:05:27","guid":{"rendered":"https:\/\/turmlahnstein.wordpress.com\/?p=2502"},"modified":"2016-10-06T10:05:27","modified_gmt":"2016-10-06T10:05:27","slug":"neues-spieljahr-hat-begonnen","status":"publish","type":"post","link":"https:\/\/turm-lahnstein.de\/?p=2502","title":{"rendered":"Neues Spieljahr hat begonnen"},"content":{"rendered":"<p><img loading=\"lazy\" decoding=\"async\" class=\"size-full wp-image-68 alignright\" src=\"https:\/\/turmlahnstein.files.wordpress.com\/2012\/09\/friedhelm_col.jpg\" alt=\"friedhelm_col\" width=\"254\" height=\"248\" \/>Der Mannschaftsspielbetrieb hat f\u00fcr die vier Mannschaften des Schachvereins Turm Lahnstein im September begonnen. Die zweite Mannschaft hat bereits zwei Spiele in der Rheinland-Liga hinter sich gebracht, die nicht zuletzt mit Aufstellungssorgen verbunden waren. Mehrere Stammspieler standen wegen Urlaub und anderen Verpflichtungen nicht zur Verf\u00fcgung, so dass improvisiert werden musste.<!--more--><\/p>\n<p>Die Ergebnisse k\u00f6nnen sich vor diesem Hintergrund sehen lassen. In der Startrunde war gegen den Meisterschaftsfavoriten SV Koblenz III mit einer 2,5:5,5 Niederlage nur ein Achtungserfolg zu verzeichnen. In der zweiten Runde sprang mit einem 4 : 4 Unentschieden beim SC Neuwied\/ Heimbach-Weis III dann schon ein z\u00e4hlbarer Punktgewinn heraus. Bei den f\u00fcnf Remisen, die gegen den SV Koblenz erk\u00e4mpft wurden, sind insbesondere das von Florian Auras, der sich fast \u00fcber die volle Spielzeit von sechs Stunden erfolgreich gegen seinen unbedingt gewinnen wollenden Gegner wehrte, und das Unentschieden von Tomislav Vekic bei seinem ersten Einsatz in dieser Klasse zu erw\u00e4hnen. Aus dem Wettkampf in Neuwied sind Peter Schreieck und Markus M\u00fcller durch die Siege in ihren Partien hervorzuheben.<\/p>\n","protected":false},"excerpt":{"rendered":"<p>Der Mannschaftsspielbetrieb hat f\u00fcr die vier Mannschaften des Schachvereins Turm Lahnstein im September begonnen. Die zweite Mannschaft hat bereits zwei Spiele in der Rheinland-Liga hinter sich gebracht, die nicht zuletzt [&hellip;]<\/p>\n","protected":false},"author":4,"featured_media":0,"comment_status":"open","ping_status":"open","sticky":false,"template":"","format":"standard","meta":{"footnotes":""},"categories":[1],"tags":[],"_links":{"self":[{"href":"https:\/\/turm-lahnstein.de\/index.php?rest_route=\/wp\/v2\/posts\/2502"}],"collection":[{"href":"https:\/\/turm-lahnstein.de\/index.php?rest_route=\/wp\/v2\/posts"}],"about":[{"href":"https:\/\/turm-lahnstein.de\/index.php?rest_route=\/wp\/v2\/types\/post"}],"author":[{"embeddable":true,"href":"https:\/\/turm-lahnstein.de\/index.php?rest_route=\/wp\/v2\/users\/4"}],"replies":[{"embeddable":true,"href":"https:\/\/turm-lahnstein.de\/index.php?rest_route=%2Fwp%2Fv2%2Fcomments&post=2502"}],"version-history":[{"count":0,"href":"https:\/\/turm-lahnstein.de\/index.php?rest_route=\/wp\/v2\/posts\/2502\/revisions"}],"wp:attachment":[{"href":"https:\/\/turm-lahnstein.de\/index.php?rest_route=%2Fwp%2Fv2%2Fmedia&parent=2502"}],"wp:term":[{"taxonomy":"category","embeddable":true,"href":"https:\/\/turm-lahnstein.de\/index.php?rest_route=%2Fwp%2Fv2%2Fcategories&post=2502"},{"taxonomy":"post_tag","embeddable":true,"href":"https:\/\/turm-lahnstein.de\/index.php?rest_route=%2Fwp%2Fv2%2Ftags&post=2502"}],"curies":[{"name":"wp","href":"https:\/\/api.w.org\/{rel}","templated":true}]}}