{"id":2479,"date":"2016-09-22T13:36:08","date_gmt":"2016-09-22T13:36:08","guid":{"rendered":"https:\/\/turmlahnstein.wordpress.com\/?p=2479"},"modified":"2016-09-22T13:36:08","modified_gmt":"2016-09-22T13:36:08","slug":"ausschreibung-rhein-lahn-open-2016","status":"publish","type":"post","link":"https:\/\/turm-lahnstein.de\/?p=2479","title":{"rendered":"Ausschreibung Rhein-Lahn-Open 2016"},"content":{"rendered":"<h2><strong>Einladung zum R H E I N \u2013 L A H N \u2013 J U G E N D \u2013 O P E N<\/strong><\/h2>\n<p>&nbsp;<\/p>\n<p><strong>am Samstag, 05. November 2016 14.00 Uhr (Meldeschluss 13.30 Uhr) <\/strong><\/p>\n<p><strong>in der Mensa des Schulzentrums Lahnstein (Marion D\u00f6nhoff Gymnasium\/Realschule Oberheckerweg, 56112 Lahnstein)<\/strong><\/p>\n<p>Das Schnellschachturnier des SV Turm Lahnstein ist offen f\u00fcr alle Jungen und M\u00e4dchen.<\/p>\n<p>Gespielt werden 7 Runden a 15 Minuten Bedenkzeit pro Spieler und Partie.<!--more--><\/p>\n<p>Altersklassen U18 Jahrg\u00e4nge 1999, 2000<\/p>\n<p>U 16\u00a0\u00a0\u00a0\u00a0\u00a0\u00a0\u00a0\u00a0\u00a0\u00a0\u00a0\u00a0\u00a0\u00a0\u00a0\u00a0 2001, 2002<\/p>\n<p>U 14\u00a0\u00a0\u00a0\u00a0\u00a0\u00a0\u00a0\u00a0\u00a0\u00a0\u00a0\u00a0\u00a0\u00a0\u00a0\u00a0 2003, 04<\/p>\n<p>U 12\u00a0\u00a0\u00a0\u00a0\u00a0\u00a0\u00a0\u00a0\u00a0\u00a0\u00a0\u00a0\u00a0\u00a0\u00a0\u00a0 2005, 06<\/p>\n<p>U 10\u00a0\u00a0\u00a0\u00a0\u00a0\u00a0\u00a0\u00a0\u00a0\u00a0\u00a0\u00a0\u00a0\u00a0\u00a0\u00a0 2007, 08<\/p>\n<p>U 8\u00a0\u00a0\u00a0\u00a0\u00a0\u00a0\u00a0\u00a0\u00a0\u00a0\u00a0\u00a0\u00a0\u00a0\u00a0\u00a0\u00a0\u00a0 2009 u. j\u00fcnger<\/p>\n<p>Neben den in Vereinen aktiven Jugendlichen richtet sich unser Turnier auch an Kinder und Jugendliche, die nicht in einem Verein, sondern \u201enur f\u00fcr den Hausgebrauch\u201c oder z. B. in einer Schulschach-AG spielen. Es erfolgt getrennte Wertung f\u00fcr alle Klassen. Jeder Teilnehmer erh\u00e4lt einen Sachpreis und eine Urkunde. Der Sieger jeder Altersklasse und der bestplatzierte nicht vereinsangeh\u00f6rige Jugendliche erhalten je einen Siegerpokal. F\u00fcr den zweiten und dritten jeder Altersklasse und der nicht vereinsangeh\u00f6rigen Jugendlichen gibt es je eine Siegermedaille.<\/p>\n<p>Es wird ein Startgeld von 5,- \u20ac pro Teilnehmer am Turniertag in bar erhoben.<\/p>\n<p>Verpflegung wird nat\u00fcrlich zu jugendgerechten Preisen angeboten.<\/p>\n<p>Ausk\u00fcnfte und Anmeldungen bei Peter Ley, Email <a href=\"mailto:rlo@turm-lahnstein.de\">rlo@turm-lahnstein.de<\/a><u>, <\/u><\/p>\n<p>Damit wir p\u00fcnktlich beginnen k\u00f6nnen, bitten wir alle \u2013 auch die vorangemeldeten \u2013 Spieler bis<\/p>\n<p><strong>13.30 Uhr<\/strong> anwesend zu sein \u2013 Danke!<\/p>\n<p>Wir sehen uns am 05 . November 2016!<\/p>\n<p><strong>SCHACHVEREIN TURM LAHNSTEIN 1979 e.V.<\/strong><\/p>\n","protected":false},"excerpt":{"rendered":"<p>Einladung zum R H E I N \u2013 L A H N \u2013 J U G E N D \u2013 O P E N &nbsp; am Samstag, 05. November 2016 [&hellip;]<\/p>\n","protected":false},"author":4,"featured_media":0,"comment_status":"open","ping_status":"open","sticky":false,"template":"","format":"standard","meta":{"footnotes":""},"categories":[62],"tags":[],"_links":{"self":[{"href":"https:\/\/turm-lahnstein.de\/index.php?rest_route=\/wp\/v2\/posts\/2479"}],"collection":[{"href":"https:\/\/turm-lahnstein.de\/index.php?rest_route=\/wp\/v2\/posts"}],"about":[{"href":"https:\/\/turm-lahnstein.de\/index.php?rest_route=\/wp\/v2\/types\/post"}],"author":[{"embeddable":true,"href":"https:\/\/turm-lahnstein.de\/index.php?rest_route=\/wp\/v2\/users\/4"}],"replies":[{"embeddable":true,"href":"https:\/\/turm-lahnstein.de\/index.php?rest_route=%2Fwp%2Fv2%2Fcomments&post=2479"}],"version-history":[{"count":0,"href":"https:\/\/turm-lahnstein.de\/index.php?rest_route=\/wp\/v2\/posts\/2479\/revisions"}],"wp:attachment":[{"href":"https:\/\/turm-lahnstein.de\/index.php?rest_route=%2Fwp%2Fv2%2Fmedia&parent=2479"}],"wp:term":[{"taxonomy":"category","embeddable":true,"href":"https:\/\/turm-lahnstein.de\/index.php?rest_route=%2Fwp%2Fv2%2Fcategories&post=2479"},{"taxonomy":"post_tag","embeddable":true,"href":"https:\/\/turm-lahnstein.de\/index.php?rest_route=%2Fwp%2Fv2%2Ftags&post=2479"}],"curies":[{"name":"wp","href":"https:\/\/api.w.org\/{rel}","templated":true}]}}