{"id":2454,"date":"2016-09-06T08:18:43","date_gmt":"2016-09-06T08:18:43","guid":{"rendered":"https:\/\/turmlahnstein.wordpress.com\/?p=2454"},"modified":"2016-09-06T08:18:43","modified_gmt":"2016-09-06T08:18:43","slug":"rhein-ahr-mosel-jugendopen-in-nickenich","status":"publish","type":"post","link":"https:\/\/turm-lahnstein.de\/?p=2454","title":{"rendered":"Rhein-Ahr-Mosel Jugendopen in Nickenich"},"content":{"rendered":"<p>Leider waren alle Lahnsteiner Betreuer verhindert und so\u00a0gingen nur 3 Lahnsteiner\u00a0U10er begleitet von ihren Eltern\u00a0an den\u00a0Start, David Meuer, Lasse Werling und Christian Samtleben.<!--more-->\u00a0In dem sehr starken Teilnehmerfeld hatten es unsere Jungs\u00a0schwer. Christian konnte immerhin 2 Punkte erbeuten und\u00a0Lasse\u00a0erspielte sich \u00a0mit 3,5 Punkten ein ausgeglichenes Konto. Vorne\u00a0zog Rheinlandmeister Maximilian Felten einsam seine Kreise,\u00a0aber um Platz 2 wurde hart gek\u00e4mpft. In der Schlussrunde spielte David gegen Katharina Wimmer. Ich war nicht vor Ort und so bekam ich den dramatischen Verlauf zugetragen.\u00a0David konnte Katharina \u00fcberspielen und\u00a0f\u00fchrte im Endspiel mit Dame gegen L\u00e4ufer, bei einigen Bauern auf beiden Seiten. Der Ausgang schien klar, als David vom Schach ins Schach zog und damit einen ung\u00fcltigen Zug machte. Es wurde reklamiert, wobei der Zug mit dem dr\u00fccken der Uhr noch nicht voll abgeschlossen war. Der Schiedsrichter entschied gegen David, der darauf sichtlich entt\u00e4uscht war. Ich selbst bin nicht sicher wie dies zu werten ist, halte aber die\u00a0Anwendung der FIDE-Regeln bei den j\u00fcngeren Jahrg\u00e4ngen in diesem Fall f\u00fcr nicht sinnvoll. Einer der bekanntesten Regelgurus der internationale Schiedsrichter Klaus Deventer beschrieb\u00a0gerade dieses Beispiel\u00a0auch in seiner Kolumne in der &#8218;Jugendschach&#8216;. Er pl\u00e4diert darauf die Regeln kindgerecht anzuwenden und hier auf die Anwendung auszusetzen. Dem kann ich nur voll zustimmen.<\/p>\n<p>Wie auch immer, David spielte ein sehr gutes Turnier, auch wenn es nicht f\u00fcr einen Pokal reichte.<\/p>\n<p>&nbsp;<\/p>\n","protected":false},"excerpt":{"rendered":"<p>Leider waren alle Lahnsteiner Betreuer verhindert und so\u00a0gingen nur 3 Lahnsteiner\u00a0U10er begleitet von ihren Eltern\u00a0an den\u00a0Start, David Meuer, Lasse Werling und Christian Samtleben.<\/p>\n","protected":false},"author":4,"featured_media":0,"comment_status":"open","ping_status":"open","sticky":false,"template":"","format":"standard","meta":{"footnotes":""},"categories":[1],"tags":[],"_links":{"self":[{"href":"https:\/\/turm-lahnstein.de\/index.php?rest_route=\/wp\/v2\/posts\/2454"}],"collection":[{"href":"https:\/\/turm-lahnstein.de\/index.php?rest_route=\/wp\/v2\/posts"}],"about":[{"href":"https:\/\/turm-lahnstein.de\/index.php?rest_route=\/wp\/v2\/types\/post"}],"author":[{"embeddable":true,"href":"https:\/\/turm-lahnstein.de\/index.php?rest_route=\/wp\/v2\/users\/4"}],"replies":[{"embeddable":true,"href":"https:\/\/turm-lahnstein.de\/index.php?rest_route=%2Fwp%2Fv2%2Fcomments&post=2454"}],"version-history":[{"count":0,"href":"https:\/\/turm-lahnstein.de\/index.php?rest_route=\/wp\/v2\/posts\/2454\/revisions"}],"wp:attachment":[{"href":"https:\/\/turm-lahnstein.de\/index.php?rest_route=%2Fwp%2Fv2%2Fmedia&parent=2454"}],"wp:term":[{"taxonomy":"category","embeddable":true,"href":"https:\/\/turm-lahnstein.de\/index.php?rest_route=%2Fwp%2Fv2%2Fcategories&post=2454"},{"taxonomy":"post_tag","embeddable":true,"href":"https:\/\/turm-lahnstein.de\/index.php?rest_route=%2Fwp%2Fv2%2Ftags&post=2454"}],"curies":[{"name":"wp","href":"https:\/\/api.w.org\/{rel}","templated":true}]}}