{"id":241,"date":"2012-12-03T09:37:51","date_gmt":"2012-12-03T09:37:51","guid":{"rendered":"http:\/\/turmlahnstein.wordpress.com\/?p=241"},"modified":"2012-12-03T09:37:51","modified_gmt":"2012-12-03T09:37:51","slug":"schulerturner-2012","status":"publish","type":"post","link":"https:\/\/turm-lahnstein.de\/?p=241","title":{"rendered":"Sch\u00fclerturner 2012"},"content":{"rendered":"<p>Alle Teilnehmer in voller Konzentration. Vorne der Titelverteidiger Luca. Kann er seinen Erfolg aus dem Vorjahr wiederholen?<\/p>\n<p><img loading=\"lazy\" decoding=\"async\" class=\"aligncenter size-full wp-image-249\" alt=\"1\" src=\"https:\/\/turm-lahnstein.de\/wp-content\/uploads\/2012\/12\/1.jpg\" height=\"375\" width=\"500\" srcset=\"https:\/\/turm-lahnstein.de\/wp-content\/uploads\/2012\/12\/1.jpg 500w, https:\/\/turm-lahnstein.de\/wp-content\/uploads\/2012\/12\/1-300x225.jpg 300w\" sizes=\"(max-width: 500px) 100vw, 500px\" \/><\/p>\n<p><!--more--><\/p>\n<p><img loading=\"lazy\" decoding=\"async\" class=\"aligncenter size-full wp-image-248\" alt=\"2\" src=\"https:\/\/turm-lahnstein.de\/wp-content\/uploads\/2012\/12\/2.jpg\" height=\"375\" width=\"500\" srcset=\"https:\/\/turm-lahnstein.de\/wp-content\/uploads\/2012\/12\/2.jpg 500w, https:\/\/turm-lahnstein.de\/wp-content\/uploads\/2012\/12\/2-300x225.jpg 300w\" sizes=\"(max-width: 500px) 100vw, 500px\" \/><\/p>\n<p>Die Mitfavoriten Elsin und Lars, der als Bezirksmeister aber au\u00dfer Konkurrenz teilnehmen musste<\/p>\n<p><img loading=\"lazy\" decoding=\"async\" class=\"aligncenter size-full wp-image-247\" alt=\"3\" src=\"https:\/\/turm-lahnstein.de\/wp-content\/uploads\/2012\/12\/3.jpg\" height=\"375\" width=\"500\" srcset=\"https:\/\/turm-lahnstein.de\/wp-content\/uploads\/2012\/12\/3.jpg 500w, https:\/\/turm-lahnstein.de\/wp-content\/uploads\/2012\/12\/3-300x225.jpg 300w\" sizes=\"(max-width: 500px) 100vw, 500px\" \/><\/p>\n<p>.Auch die Neuen konnten \u00fcberzeugen. Hier k\u00e4mpfen Max und Kilian. Meistens musste man (noch) den alten Hasen die Punkte lassen.<\/p>\n<p><img loading=\"lazy\" decoding=\"async\" class=\"aligncenter size-full wp-image-246\" alt=\"4\" src=\"https:\/\/turm-lahnstein.de\/wp-content\/uploads\/2012\/12\/4.jpg\" height=\"375\" width=\"500\" srcset=\"https:\/\/turm-lahnstein.de\/wp-content\/uploads\/2012\/12\/4.jpg 500w, https:\/\/turm-lahnstein.de\/wp-content\/uploads\/2012\/12\/4-300x225.jpg 300w\" sizes=\"(max-width: 500px) 100vw, 500px\" \/><\/p>\n<p>Marek gegen Johannes es knistert auf dem Brett.<\/p>\n<p><img loading=\"lazy\" decoding=\"async\" class=\"aligncenter size-full wp-image-245\" alt=\"5\" src=\"https:\/\/turm-lahnstein.de\/wp-content\/uploads\/2012\/12\/5.jpg\" height=\"375\" width=\"500\" srcset=\"https:\/\/turm-lahnstein.de\/wp-content\/uploads\/2012\/12\/5.jpg 500w, https:\/\/turm-lahnstein.de\/wp-content\/uploads\/2012\/12\/5-300x225.jpg 300w\" sizes=\"(max-width: 500px) 100vw, 500px\" \/><\/p>\n<p>Ismael gegen Lukas. Wohin mit der schwarzen Dame? Der gute Kombinierer Lukas fand die Antwort, ihr auch?<\/p>\n<p><img loading=\"lazy\" decoding=\"async\" class=\"aligncenter size-full wp-image-244\" alt=\"6\" src=\"https:\/\/turm-lahnstein.de\/wp-content\/uploads\/2012\/12\/6.jpg\" height=\"375\" width=\"500\" srcset=\"https:\/\/turm-lahnstein.de\/wp-content\/uploads\/2012\/12\/6.jpg 500w, https:\/\/turm-lahnstein.de\/wp-content\/uploads\/2012\/12\/6-300x225.jpg 300w\" sizes=\"(max-width: 500px) 100vw, 500px\" \/><\/p>\n<p>Jonas braucht noch eine Dame. Er konnte die \u201aAlten\u2018 ganz sch\u00f6n \u00e4rgern und auch dem einen oder anderen ein Bein stellen. Vorne k\u00e4mpft Noel gegen Martin. Noch steht sie besser, aber an diesem Tag war kein Kraut gegen Martin gewachsen. Mit viel Geschick und etwas Gl\u00fcck konnte er alle Partien am Ende f\u00fcr sich entscheiden und das war der Preis:<\/p>\n<p><img loading=\"lazy\" decoding=\"async\" class=\"aligncenter size-full wp-image-243\" alt=\"7\" src=\"https:\/\/turm-lahnstein.de\/wp-content\/uploads\/2012\/12\/7.jpg\" height=\"375\" width=\"500\" srcset=\"https:\/\/turm-lahnstein.de\/wp-content\/uploads\/2012\/12\/7.jpg 500w, https:\/\/turm-lahnstein.de\/wp-content\/uploads\/2012\/12\/7-300x225.jpg 300w\" sizes=\"(max-width: 500px) 100vw, 500px\" \/><\/p>\n<p>Gewinner aber waren alle Teilnehmer. Wir bedanken uns bei 12 talentierten Schachspielern und vor allem fairen Denksportlern.<\/p>\n<p><img loading=\"lazy\" decoding=\"async\" class=\"aligncenter size-full wp-image-242\" alt=\"8\" src=\"https:\/\/turm-lahnstein.de\/wp-content\/uploads\/2012\/12\/8.jpg\" height=\"375\" width=\"500\" srcset=\"https:\/\/turm-lahnstein.de\/wp-content\/uploads\/2012\/12\/8.jpg 500w, https:\/\/turm-lahnstein.de\/wp-content\/uploads\/2012\/12\/8-300x225.jpg 300w\" sizes=\"(max-width: 500px) 100vw, 500px\" \/><br \/>\n<strong><span style=\"text-decoration:underline;\">Endstand:<\/span><\/strong><\/p>\n<table border=\"2\" cellspacing=\"2\" cellpadding=\"2\" bgcolor=\"#C0C0C0\">\n<tbody>\n<tr>\n<td colspan=\"13\">Rangliste: Stand nach der 7. Runde<\/td>\n<\/tr>\n<tr bgcolor=\"#00FF00\">\n<th>Rang<\/th>\n<th>Teilnehmer<\/th>\n<th>Titel<\/th>\n<th>TWZ<\/th>\n<th>At<\/th>\n<th>Verein\/Ort<\/th>\n<th>Land<\/th>\n<th>S<\/th>\n<th>R<\/th>\n<th>V<\/th>\n<th>Punkte<\/th>\n<th>Buchh<\/th>\n<th>SoBerg<\/th>\n<\/tr>\n<tr bgcolor=\"#00FFFF\">\n<td>1.<\/td>\n<td>Martin Walzer<\/td>\n<td><\/td>\n<td><\/td>\n<td><\/td>\n<td><\/td>\n<td><\/td>\n<td>7<\/td>\n<td>0<\/td>\n<td>0<\/td>\n<td>7.0<\/td>\n<td>26.5<\/td>\n<td>26.50<\/td>\n<\/tr>\n<tr bgcolor=\"#00FFFF\">\n<td>2.<\/td>\n<td>Lars Wei\u00dfenfels<\/td>\n<td><\/td>\n<td><\/td>\n<td><\/td>\n<td><\/td>\n<td><\/td>\n<td>6<\/td>\n<td>0<\/td>\n<td>1<\/td>\n<td>6.0<\/td>\n<td>28.0<\/td>\n<td>21.00<\/td>\n<\/tr>\n<tr bgcolor=\"#00FFFF\">\n<td>3.<\/td>\n<td>Elsin Smakic<\/td>\n<td><\/td>\n<td><\/td>\n<td><\/td>\n<td><\/td>\n<td><\/td>\n<td>4<\/td>\n<td>1<\/td>\n<td>2<\/td>\n<td>4.5<\/td>\n<td>26.5<\/td>\n<td>11.75<\/td>\n<\/tr>\n<tr bgcolor=\"#00FFFF\">\n<td>4.<\/td>\n<td>Luca Engelbrecht<\/td>\n<td><\/td>\n<td><\/td>\n<td><\/td>\n<td><\/td>\n<td><\/td>\n<td>4<\/td>\n<td>1<\/td>\n<td>2<\/td>\n<td>4.5<\/td>\n<td>25.5<\/td>\n<td>10.75<\/td>\n<\/tr>\n<tr bgcolor=\"#00FFFF\">\n<td>5.<\/td>\n<td>Jonas Gro\u00df<\/td>\n<td><\/td>\n<td><\/td>\n<td><\/td>\n<td><\/td>\n<td><\/td>\n<td>3<\/td>\n<td>1<\/td>\n<td>3<\/td>\n<td>3.5<\/td>\n<td>31.5<\/td>\n<td>11.75<\/td>\n<\/tr>\n<tr bgcolor=\"#00FFFF\">\n<td>6.<\/td>\n<td>Noel Bendel<\/td>\n<td><\/td>\n<td><\/td>\n<td><\/td>\n<td><\/td>\n<td><\/td>\n<td>3<\/td>\n<td>1<\/td>\n<td>3<\/td>\n<td>3.5<\/td>\n<td>26.5<\/td>\n<td>7.75<\/td>\n<\/tr>\n<tr bgcolor=\"#00FFFF\">\n<td>7.<\/td>\n<td>Johannes Steinhau<\/td>\n<td><\/td>\n<td><\/td>\n<td><\/td>\n<td><\/td>\n<td><\/td>\n<td>3<\/td>\n<td>1<\/td>\n<td>3<\/td>\n<td>3.5<\/td>\n<td>17.5<\/td>\n<td>5.25<\/td>\n<\/tr>\n<tr bgcolor=\"#00FFFF\">\n<td>8.<\/td>\n<td>Marek Wei\u00dfenfels<\/td>\n<td><\/td>\n<td><\/td>\n<td><\/td>\n<td><\/td>\n<td><\/td>\n<td>3<\/td>\n<td>0<\/td>\n<td>4<\/td>\n<td>3.0<\/td>\n<td>26.5<\/td>\n<td>5.50<\/td>\n<\/tr>\n<tr bgcolor=\"#00FFFF\">\n<td>9.<\/td>\n<td>Ismail Smakic<\/td>\n<td><\/td>\n<td><\/td>\n<td><\/td>\n<td><\/td>\n<td><\/td>\n<td>1<\/td>\n<td>3<\/td>\n<td>3<\/td>\n<td>2.5<\/td>\n<td>20.0<\/td>\n<td>4.75<\/td>\n<\/tr>\n<tr bgcolor=\"#00FFFF\">\n<td>10.<\/td>\n<td>Lukas Euken<\/td>\n<td><\/td>\n<td><\/td>\n<td><\/td>\n<td><\/td>\n<td><\/td>\n<td>2<\/td>\n<td>0<\/td>\n<td>5<\/td>\n<td>2.0<\/td>\n<td>22.0<\/td>\n<td>2.00<\/td>\n<\/tr>\n<tr bgcolor=\"#00FFFF\">\n<td>11.<\/td>\n<td>Kilian Martin<\/td>\n<td><\/td>\n<td><\/td>\n<td><\/td>\n<td><\/td>\n<td><\/td>\n<td>1<\/td>\n<td>1<\/td>\n<td>5<\/td>\n<td>1.5<\/td>\n<td>23.0<\/td>\n<td>1.75<\/td>\n<\/tr>\n<tr bgcolor=\"#00FFFF\">\n<td>12.<\/td>\n<td>Max Becker<\/td>\n<td><\/td>\n<td><\/td>\n<td><\/td>\n<td><\/td>\n<td><\/td>\n<td>0<\/td>\n<td>1<\/td>\n<td>6<\/td>\n<td>0.5<\/td>\n<td>20.5<\/td>\n<td>1.25<\/td>\n<\/tr>\n<\/tbody>\n<\/table>\n","protected":false},"excerpt":{"rendered":"<p>Alle Teilnehmer in voller Konzentration. Vorne der Titelverteidiger Luca. Kann er seinen Erfolg aus dem Vorjahr wiederholen?<\/p>\n","protected":false},"author":2,"featured_media":0,"comment_status":"open","ping_status":"open","sticky":false,"template":"","format":"standard","meta":{"footnotes":""},"categories":[10],"tags":[99,52,100,101,63],"_links":{"self":[{"href":"https:\/\/turm-lahnstein.de\/index.php?rest_route=\/wp\/v2\/posts\/241"}],"collection":[{"href":"https:\/\/turm-lahnstein.de\/index.php?rest_route=\/wp\/v2\/posts"}],"about":[{"href":"https:\/\/turm-lahnstein.de\/index.php?rest_route=\/wp\/v2\/types\/post"}],"author":[{"embeddable":true,"href":"https:\/\/turm-lahnstein.de\/index.php?rest_route=\/wp\/v2\/users\/2"}],"replies":[{"embeddable":true,"href":"https:\/\/turm-lahnstein.de\/index.php?rest_route=%2Fwp%2Fv2%2Fcomments&post=241"}],"version-history":[{"count":0,"href":"https:\/\/turm-lahnstein.de\/index.php?rest_route=\/wp\/v2\/posts\/241\/revisions"}],"wp:attachment":[{"href":"https:\/\/turm-lahnstein.de\/index.php?rest_route=%2Fwp%2Fv2%2Fmedia&parent=241"}],"wp:term":[{"taxonomy":"category","embeddable":true,"href":"https:\/\/turm-lahnstein.de\/index.php?rest_route=%2Fwp%2Fv2%2Fcategories&post=241"},{"taxonomy":"post_tag","embeddable":true,"href":"https:\/\/turm-lahnstein.de\/index.php?rest_route=%2Fwp%2Fv2%2Ftags&post=241"}],"curies":[{"name":"wp","href":"https:\/\/api.w.org\/{rel}","templated":true}]}}