{"id":2368,"date":"2016-08-22T18:13:13","date_gmt":"2016-08-22T18:13:13","guid":{"rendered":"https:\/\/turmlahnstein.wordpress.com\/?p=2368"},"modified":"2016-08-22T18:13:13","modified_gmt":"2016-08-22T18:13:13","slug":"fahrradtour-2016","status":"publish","type":"post","link":"https:\/\/turm-lahnstein.de\/?p=2368","title":{"rendered":"Fahrradtour 2016"},"content":{"rendered":"<p><img loading=\"lazy\" decoding=\"async\" class=\"alignright size-medium wp-image-2369\" src=\"https:\/\/turm-lahnstein.de\/wp-content\/uploads\/2016\/08\/p1120154-1600x1200-1.jpg?w=300\" alt=\"P1120154 [1600x1200]\" width=\"300\" height=\"169\" srcset=\"https:\/\/turm-lahnstein.de\/wp-content\/uploads\/2016\/08\/p1120154-1600x1200-1.jpg 1600w, https:\/\/turm-lahnstein.de\/wp-content\/uploads\/2016\/08\/p1120154-1600x1200-1-300x169.jpg 300w, https:\/\/turm-lahnstein.de\/wp-content\/uploads\/2016\/08\/p1120154-1600x1200-1-1024x577.jpg 1024w, https:\/\/turm-lahnstein.de\/wp-content\/uploads\/2016\/08\/p1120154-1600x1200-1-768x432.jpg 768w, https:\/\/turm-lahnstein.de\/wp-content\/uploads\/2016\/08\/p1120154-1600x1200-1-1536x865.jpg 1536w\" sizes=\"(max-width: 300px) 100vw, 300px\" \/>In den letzten Jahren wurde unsere Fahrradtour immer wieder etwas anstrengender. Der ein oder andere f\u00fchlte sich dem nicht mehr gewachsen und so plante Kurt f\u00fcr die Fahrt von Lahnstein nach Oberwesel nur knapp 60 Kilometer und weniger als 600 zu bew\u00e4ltigen H\u00f6henmeter. <!--more-->In der Ferienzeit mussten wir weitere Absagen verkraften. Umso erfreulicher das zwei Neue mitfahren wollten, gelockt durch die leichtere Strecke. Sabrina und Peter Schreieck, sowie Kurt, Ralf und der Schreiber dieser Zeilen schwangen sich p\u00fcnktlich um 10:00 Uhr in die Pedalen. Das Wetter sollte trocken bleiben und so war die Stimmung sehr gut. Es ging \u00fcber Horchheim aufs Oberwerth, die Laubach hoch, an Waldesch vorbei zum h\u00f6chsten Punkt unserer Strecke die Fleckertsh\u00f6he mit \u00fcber 500m . Jetzt fing es zu regnen an und im Laufe des Tages wurde wir mehrfach durchgesp\u00fclt und dort oben war es auch recht k\u00fchl. Wahrscheinlich ist Kurts Navi ein wenig eingefroren, denn wir hatten das ein oder andere Deja-Vu-Erlebnis (Hier waren wir doch schon mal ??). Obwohl wir noch ein wenig abk\u00fcrzten hatten wir dann doch 73 Kilometer\u00a0auf dem Tacho und 1017 H\u00f6henmeter. Als wir ankamen schien auch wieder die Sonne und wir erholten uns im Schwimmbad der Jugendherberge.\u00a0 Ein Lob an die beiden Erstradler die ohne Murren die Belastungen durchhielten und im Ziel auch wieder guter Laune waren. Verst\u00e4rkt durch Dennis gab es nach dem Abendessen noch eine Doppelkopfrunde und Olympia.<\/p>\n<p>Am n\u00e4chsten Tag sollte es regnen, aber es blieb trocken und wir fuhren die 40 Kilometer von Oberwesel zur\u00fcck am Rhein entlang. Wir freuen uns schon auf die Tour 2017<\/p>\n<div id='gallery-1' class='gallery galleryid-2368 gallery-columns-3 gallery-size-medium'><figure class='gallery-item'>\n\t\t\t<div class='gallery-icon landscape'>\n\t\t\t\t<a href='https:\/\/turm-lahnstein.de\/?attachment_id=2369'><img loading=\"lazy\" decoding=\"async\" width=\"300\" height=\"169\" src=\"https:\/\/turm-lahnstein.de\/wp-content\/uploads\/2016\/08\/p1120154-1600x1200-1-300x169.jpg\" class=\"attachment-medium size-medium\" alt=\"\" srcset=\"https:\/\/turm-lahnstein.de\/wp-content\/uploads\/2016\/08\/p1120154-1600x1200-1-300x169.jpg 300w, https:\/\/turm-lahnstein.de\/wp-content\/uploads\/2016\/08\/p1120154-1600x1200-1-1024x577.jpg 1024w, https:\/\/turm-lahnstein.de\/wp-content\/uploads\/2016\/08\/p1120154-1600x1200-1-768x432.jpg 768w, https:\/\/turm-lahnstein.de\/wp-content\/uploads\/2016\/08\/p1120154-1600x1200-1-1536x865.jpg 1536w, https:\/\/turm-lahnstein.de\/wp-content\/uploads\/2016\/08\/p1120154-1600x1200-1.jpg 1600w\" sizes=\"(max-width: 300px) 100vw, 300px\" \/><\/a>\n\t\t\t<\/div><\/figure><figure class='gallery-item'>\n\t\t\t<div class='gallery-icon landscape'>\n\t\t\t\t<a href='https:\/\/turm-lahnstein.de\/?attachment_id=2374'><img loading=\"lazy\" decoding=\"async\" width=\"300\" height=\"169\" src=\"https:\/\/turm-lahnstein.de\/wp-content\/uploads\/2016\/08\/p1120176-1600x1200-1-300x169.jpg\" class=\"attachment-medium size-medium\" alt=\"\" srcset=\"https:\/\/turm-lahnstein.de\/wp-content\/uploads\/2016\/08\/p1120176-1600x1200-1-300x169.jpg 300w, https:\/\/turm-lahnstein.de\/wp-content\/uploads\/2016\/08\/p1120176-1600x1200-1-1024x577.jpg 1024w, https:\/\/turm-lahnstein.de\/wp-content\/uploads\/2016\/08\/p1120176-1600x1200-1-768x432.jpg 768w, https:\/\/turm-lahnstein.de\/wp-content\/uploads\/2016\/08\/p1120176-1600x1200-1-1536x865.jpg 1536w, https:\/\/turm-lahnstein.de\/wp-content\/uploads\/2016\/08\/p1120176-1600x1200-1.jpg 1600w\" sizes=\"(max-width: 300px) 100vw, 300px\" \/><\/a>\n\t\t\t<\/div><\/figure><figure class='gallery-item'>\n\t\t\t<div class='gallery-icon portrait'>\n\t\t\t\t<a href='https:\/\/turm-lahnstein.de\/?attachment_id=2373'><img loading=\"lazy\" decoding=\"async\" width=\"169\" height=\"300\" src=\"https:\/\/turm-lahnstein.de\/wp-content\/uploads\/2016\/08\/p1120165-1600x1200-1-169x300.jpg\" class=\"attachment-medium size-medium\" alt=\"\" srcset=\"https:\/\/turm-lahnstein.de\/wp-content\/uploads\/2016\/08\/p1120165-1600x1200-1-169x300.jpg 169w, https:\/\/turm-lahnstein.de\/wp-content\/uploads\/2016\/08\/p1120165-1600x1200-1-577x1024.jpg 577w, https:\/\/turm-lahnstein.de\/wp-content\/uploads\/2016\/08\/p1120165-1600x1200-1-768x1364.jpg 768w, https:\/\/turm-lahnstein.de\/wp-content\/uploads\/2016\/08\/p1120165-1600x1200-1-865x1536.jpg 865w, https:\/\/turm-lahnstein.de\/wp-content\/uploads\/2016\/08\/p1120165-1600x1200-1.jpg 901w\" sizes=\"(max-width: 169px) 100vw, 169px\" \/><\/a>\n\t\t\t<\/div><\/figure><figure class='gallery-item'>\n\t\t\t<div class='gallery-icon landscape'>\n\t\t\t\t<a href='https:\/\/turm-lahnstein.de\/?attachment_id=2372'><img loading=\"lazy\" decoding=\"async\" width=\"300\" height=\"169\" src=\"https:\/\/turm-lahnstein.de\/wp-content\/uploads\/2016\/08\/p1120164-1600x1200-1-300x169.jpg\" class=\"attachment-medium size-medium\" alt=\"\" srcset=\"https:\/\/turm-lahnstein.de\/wp-content\/uploads\/2016\/08\/p1120164-1600x1200-1-300x169.jpg 300w, https:\/\/turm-lahnstein.de\/wp-content\/uploads\/2016\/08\/p1120164-1600x1200-1-1024x577.jpg 1024w, https:\/\/turm-lahnstein.de\/wp-content\/uploads\/2016\/08\/p1120164-1600x1200-1-768x432.jpg 768w, https:\/\/turm-lahnstein.de\/wp-content\/uploads\/2016\/08\/p1120164-1600x1200-1-1536x865.jpg 1536w, https:\/\/turm-lahnstein.de\/wp-content\/uploads\/2016\/08\/p1120164-1600x1200-1.jpg 1600w\" sizes=\"(max-width: 300px) 100vw, 300px\" \/><\/a>\n\t\t\t<\/div><\/figure><figure class='gallery-item'>\n\t\t\t<div class='gallery-icon landscape'>\n\t\t\t\t<a href='https:\/\/turm-lahnstein.de\/?attachment_id=2371'><img loading=\"lazy\" decoding=\"async\" width=\"300\" height=\"169\" src=\"https:\/\/turm-lahnstein.de\/wp-content\/uploads\/2016\/08\/p1120159-1600x1200-1-300x169.jpg\" class=\"attachment-medium size-medium\" alt=\"\" srcset=\"https:\/\/turm-lahnstein.de\/wp-content\/uploads\/2016\/08\/p1120159-1600x1200-1-300x169.jpg 300w, https:\/\/turm-lahnstein.de\/wp-content\/uploads\/2016\/08\/p1120159-1600x1200-1-1024x577.jpg 1024w, https:\/\/turm-lahnstein.de\/wp-content\/uploads\/2016\/08\/p1120159-1600x1200-1-768x432.jpg 768w, https:\/\/turm-lahnstein.de\/wp-content\/uploads\/2016\/08\/p1120159-1600x1200-1-1536x865.jpg 1536w, https:\/\/turm-lahnstein.de\/wp-content\/uploads\/2016\/08\/p1120159-1600x1200-1.jpg 1600w\" sizes=\"(max-width: 300px) 100vw, 300px\" \/><\/a>\n\t\t\t<\/div><\/figure><figure class='gallery-item'>\n\t\t\t<div class='gallery-icon portrait'>\n\t\t\t\t<a href='https:\/\/turm-lahnstein.de\/?attachment_id=2370'><img loading=\"lazy\" decoding=\"async\" width=\"169\" height=\"300\" src=\"https:\/\/turm-lahnstein.de\/wp-content\/uploads\/2016\/08\/p1120158-1600x1200-1-169x300.jpg\" class=\"attachment-medium size-medium\" alt=\"\" srcset=\"https:\/\/turm-lahnstein.de\/wp-content\/uploads\/2016\/08\/p1120158-1600x1200-1-169x300.jpg 169w, https:\/\/turm-lahnstein.de\/wp-content\/uploads\/2016\/08\/p1120158-1600x1200-1-577x1024.jpg 577w, https:\/\/turm-lahnstein.de\/wp-content\/uploads\/2016\/08\/p1120158-1600x1200-1-768x1364.jpg 768w, https:\/\/turm-lahnstein.de\/wp-content\/uploads\/2016\/08\/p1120158-1600x1200-1-865x1536.jpg 865w, https:\/\/turm-lahnstein.de\/wp-content\/uploads\/2016\/08\/p1120158-1600x1200-1.jpg 901w\" sizes=\"(max-width: 169px) 100vw, 169px\" \/><\/a>\n\t\t\t<\/div><\/figure>\n\t\t<\/div>\n\n","protected":false},"excerpt":{"rendered":"<p>In den letzten Jahren wurde unsere Fahrradtour immer wieder etwas anstrengender. Der ein oder andere f\u00fchlte sich dem nicht mehr gewachsen und so plante Kurt f\u00fcr die Fahrt von Lahnstein [&hellip;]<\/p>\n","protected":false},"author":4,"featured_media":0,"comment_status":"open","ping_status":"open","sticky":false,"template":"","format":"standard","meta":{"footnotes":""},"categories":[1],"tags":[],"_links":{"self":[{"href":"https:\/\/turm-lahnstein.de\/index.php?rest_route=\/wp\/v2\/posts\/2368"}],"collection":[{"href":"https:\/\/turm-lahnstein.de\/index.php?rest_route=\/wp\/v2\/posts"}],"about":[{"href":"https:\/\/turm-lahnstein.de\/index.php?rest_route=\/wp\/v2\/types\/post"}],"author":[{"embeddable":true,"href":"https:\/\/turm-lahnstein.de\/index.php?rest_route=\/wp\/v2\/users\/4"}],"replies":[{"embeddable":true,"href":"https:\/\/turm-lahnstein.de\/index.php?rest_route=%2Fwp%2Fv2%2Fcomments&post=2368"}],"version-history":[{"count":0,"href":"https:\/\/turm-lahnstein.de\/index.php?rest_route=\/wp\/v2\/posts\/2368\/revisions"}],"wp:attachment":[{"href":"https:\/\/turm-lahnstein.de\/index.php?rest_route=%2Fwp%2Fv2%2Fmedia&parent=2368"}],"wp:term":[{"taxonomy":"category","embeddable":true,"href":"https:\/\/turm-lahnstein.de\/index.php?rest_route=%2Fwp%2Fv2%2Fcategories&post=2368"},{"taxonomy":"post_tag","embeddable":true,"href":"https:\/\/turm-lahnstein.de\/index.php?rest_route=%2Fwp%2Fv2%2Ftags&post=2368"}],"curies":[{"name":"wp","href":"https:\/\/api.w.org\/{rel}","templated":true}]}}