{"id":2246,"date":"2016-05-26T08:07:45","date_gmt":"2016-05-26T08:07:45","guid":{"rendered":"https:\/\/turmlahnstein.wordpress.com\/?p=2246"},"modified":"2016-05-26T08:07:45","modified_gmt":"2016-05-26T08:07:45","slug":"pressebericht-lahnsteiner-bei-den-deutschen-jugendeinzelmeisterschaften","status":"publish","type":"post","link":"https:\/\/turm-lahnstein.de\/?p=2246","title":{"rendered":"Pressebericht: Lahnsteiner bei den Deutschen Jugendeinzelmeisterschaften"},"content":{"rendered":"<p><span style=\"color:#000000;font-family:Times New Roman;\"><img loading=\"lazy\" decoding=\"async\" class=\"alignright size-full wp-image-68\" src=\"https:\/\/turmlahnstein.files.wordpress.com\/2012\/09\/friedhelm_col.jpg\" alt=\"friedhelm_col\" width=\"254\" height=\"248\" \/>Ein gro\u00dfartiges Schachfestival ist jedes Jahr die Deutsche Jugendeinzelmeisterschaft, die zentral f\u00fcr alle Altersklassen zum wiederholten Male in Willingen\/Hochsauerland stattfand. Neben der reizvollen sportlichen Herausforderung ist das gemeinsame Erlebnis unter Gleichaltrigen mit umfangreichem Rahmenprogramm ein absoluter H\u00f6hepunkt f\u00fcr jeden jugendlichen Schachspieler.\u00a0\u00a0<\/span><span style=\"color:#000000;font-family:Times New Roman;\">\u00a0\u00a0 Der Schachverein Turm Lahnstein stellte in diesem Jahr drei Teilnehmer, davon zwei bei den Offiziellen Deutschen Meisterschaften.<\/span><!--more--><\/p>\n<p><span style=\"color:#000000;font-family:Times New Roman;\"> Sabrina Ley war schon mehrere Male dabei und z\u00e4hlte diesmal als Rheinland-Pfalz-Meisterin der U16w zu den alten Hasen bzw. H\u00e4sinnen im sechsundzwanzigk\u00f6pfigen Teilnehmerfeld. Mit einem sch\u00f6nen Endspurt erreichte sie mit f\u00fcnf Punkten aus neun Partien einen zehnten Platz unter den besten M\u00e4dchen dieser Altersklasse aus ganz Deutschland, wobei sie mit den vor ihr liegenden bis zur F\u00fcnftplatzierten punktgleich abschloss.<\/span><\/p>\n<p><span style=\"color:#000000;font-family:Times New Roman;\">Zum erstenmal dabei war der zehnj\u00e4hrige Joshua Lenz in der Altersklasse U10. Dass auch in diesem Alter auf deutscher Ebene schon ein scharfer Wind weht,\u00a0 zeigte sich in den ersten Runden, als er mit seinen Ergebnissen nicht zufrieden war. Auch Joshua zeigte sich in den letzten Runden stark konzentriert und hievte sich noch fast auf die 50% Marke der m\u00f6glichen Punkte. Mit 4,5 aus 11 bedeutete dies den 45. Platz unter 56 Teilnehmern, von denen die Meisten fr\u00fcher als Joshua mit dem Schach angefangen haben.\u00a0<\/span><span style=\"color:#000000;font-family:Times New Roman;\">\u00a0<\/span><\/p>\n<p><span style=\"color:#000000;font-family:Times New Roman;\">In einem der offenen Begleitturniere f\u00fcr Kinder spielte die siebenj\u00e4hrige Johanna Lenz mit und holte sich auch schon einen ersten Punkt bei einer Deutschen Meisterschaft. Auch ihr hat die Veranstaltung wie ihrem Bruder und der erfahrenen Sabrina viel Spass gemacht. <\/span><\/p>\n","protected":false},"excerpt":{"rendered":"<p>Ein gro\u00dfartiges Schachfestival ist jedes Jahr die Deutsche Jugendeinzelmeisterschaft, die zentral f\u00fcr alle Altersklassen zum wiederholten Male in Willingen\/Hochsauerland stattfand. Neben der reizvollen sportlichen Herausforderung ist das gemeinsame Erlebnis unter [&hellip;]<\/p>\n","protected":false},"author":4,"featured_media":0,"comment_status":"open","ping_status":"open","sticky":false,"template":"","format":"standard","meta":{"footnotes":""},"categories":[1],"tags":[],"_links":{"self":[{"href":"https:\/\/turm-lahnstein.de\/index.php?rest_route=\/wp\/v2\/posts\/2246"}],"collection":[{"href":"https:\/\/turm-lahnstein.de\/index.php?rest_route=\/wp\/v2\/posts"}],"about":[{"href":"https:\/\/turm-lahnstein.de\/index.php?rest_route=\/wp\/v2\/types\/post"}],"author":[{"embeddable":true,"href":"https:\/\/turm-lahnstein.de\/index.php?rest_route=\/wp\/v2\/users\/4"}],"replies":[{"embeddable":true,"href":"https:\/\/turm-lahnstein.de\/index.php?rest_route=%2Fwp%2Fv2%2Fcomments&post=2246"}],"version-history":[{"count":0,"href":"https:\/\/turm-lahnstein.de\/index.php?rest_route=\/wp\/v2\/posts\/2246\/revisions"}],"wp:attachment":[{"href":"https:\/\/turm-lahnstein.de\/index.php?rest_route=%2Fwp%2Fv2%2Fmedia&parent=2246"}],"wp:term":[{"taxonomy":"category","embeddable":true,"href":"https:\/\/turm-lahnstein.de\/index.php?rest_route=%2Fwp%2Fv2%2Fcategories&post=2246"},{"taxonomy":"post_tag","embeddable":true,"href":"https:\/\/turm-lahnstein.de\/index.php?rest_route=%2Fwp%2Fv2%2Ftags&post=2246"}],"curies":[{"name":"wp","href":"https:\/\/api.w.org\/{rel}","templated":true}]}}