{"id":2199,"date":"2016-05-13T12:33:15","date_gmt":"2016-05-13T12:33:15","guid":{"rendered":"https:\/\/turmlahnstein.wordpress.com\/?p=2199"},"modified":"2016-05-13T12:33:15","modified_gmt":"2016-05-13T12:33:15","slug":"faszinierende-welt-des-schachs-erleben","status":"publish","type":"post","link":"https:\/\/turm-lahnstein.de\/?p=2199","title":{"rendered":"Faszinierende Welt des Schachs erleben!"},"content":{"rendered":"<p><img loading=\"lazy\" decoding=\"async\" class=\"alignright size-full wp-image-68\" src=\"https:\/\/turmlahnstein.files.wordpress.com\/2012\/09\/friedhelm_col.jpg\" alt=\"friedhelm_col\" width=\"254\" height=\"248\" \/>Ein vielf\u00e4ltiges Schachprogramm mit dem Schachgro\u00dfmeister Sebastian Siebrecht, der Deutschen Vizemeisterin Alisa Frey und der Juniorennationalspielerin My Linh Tran, wird vom Mittwoch, 01.06. bis zum Samstag, 04.06.2016 im L\u00f6hr-Center Koblenz stattfinden. Unter dem Motto \u201eFaszination Schach\u201c wird sich das Koblenzer L\u00f6hr-Center an diesen Tagen von jeweils 10.00 bis 20.00 Uhr in einen bunten Erlebnisschach-Parcours verwandeln.<!--more--><\/p>\n<p>Der Schachverein Turm Lahnstein wird den Informationsstand des Schachbezirks Rhein-Nahe \u00fcber das Schach in unserer Region mitbetreuen und \u00fcber die schachsportlichen Angebote informieren.<\/p>\n<p>Neben Schachunterricht f\u00fcr Schulklassen und -gruppen, verschiedenen Schachturnieren im Blitz- und Schnellschach sowie den Show-Time Veranstaltungspunkten \u201eSchlag den Gro\u00dfmeister\u201c, Konditionsblitz, und den Simultanvorstellungen gibt es viel zu erleben, entdecken und zu erfahren.<\/p>\n<p>Ausstellungen zum Thema Schach und Informationen \u00fcber die Mitgliedsvereine des Schachbezirks runden das Angebot , das unter der Schirmherrschaft des Koblenzer Oberb\u00fcrgermeisters Prof. Dr. Joachim Hofmann-G\u00f6ttig steht, ab. Gemeinsam mit dem Center-Manager Stephan Antwerpen wird der Schirmherr den Er\u00f6ffnungszug am 01.06.2016 um 10.00 Uhr ausf\u00fchren. Interessierte jeden Alters vom Anf\u00e4nger bis zum Gro\u00dfmeister sind w\u00e4hrend der vier Tage jederzeit herzlich willkommen!<\/p>\n<p>&nbsp;<\/p>\n","protected":false},"excerpt":{"rendered":"<p>Ein vielf\u00e4ltiges Schachprogramm mit dem Schachgro\u00dfmeister Sebastian Siebrecht, der Deutschen Vizemeisterin Alisa Frey und der Juniorennationalspielerin My Linh Tran, wird vom Mittwoch, 01.06. bis zum Samstag, 04.06.2016 im L\u00f6hr-Center Koblenz [&hellip;]<\/p>\n","protected":false},"author":4,"featured_media":0,"comment_status":"open","ping_status":"open","sticky":false,"template":"","format":"standard","meta":{"footnotes":""},"categories":[1],"tags":[],"_links":{"self":[{"href":"https:\/\/turm-lahnstein.de\/index.php?rest_route=\/wp\/v2\/posts\/2199"}],"collection":[{"href":"https:\/\/turm-lahnstein.de\/index.php?rest_route=\/wp\/v2\/posts"}],"about":[{"href":"https:\/\/turm-lahnstein.de\/index.php?rest_route=\/wp\/v2\/types\/post"}],"author":[{"embeddable":true,"href":"https:\/\/turm-lahnstein.de\/index.php?rest_route=\/wp\/v2\/users\/4"}],"replies":[{"embeddable":true,"href":"https:\/\/turm-lahnstein.de\/index.php?rest_route=%2Fwp%2Fv2%2Fcomments&post=2199"}],"version-history":[{"count":0,"href":"https:\/\/turm-lahnstein.de\/index.php?rest_route=\/wp\/v2\/posts\/2199\/revisions"}],"wp:attachment":[{"href":"https:\/\/turm-lahnstein.de\/index.php?rest_route=%2Fwp%2Fv2%2Fmedia&parent=2199"}],"wp:term":[{"taxonomy":"category","embeddable":true,"href":"https:\/\/turm-lahnstein.de\/index.php?rest_route=%2Fwp%2Fv2%2Fcategories&post=2199"},{"taxonomy":"post_tag","embeddable":true,"href":"https:\/\/turm-lahnstein.de\/index.php?rest_route=%2Fwp%2Fv2%2Ftags&post=2199"}],"curies":[{"name":"wp","href":"https:\/\/api.w.org\/{rel}","templated":true}]}}