{"id":2193,"date":"2016-05-09T08:25:20","date_gmt":"2016-05-09T08:25:20","guid":{"rendered":"https:\/\/turmlahnstein.wordpress.com\/?p=2193"},"modified":"2016-05-09T08:25:20","modified_gmt":"2016-05-09T08:25:20","slug":"chess960-2016","status":"publish","type":"post","link":"https:\/\/turm-lahnstein.de\/?p=2193","title":{"rendered":"Chess960 2016"},"content":{"rendered":"<p>Bericht des Turnierleiters Michael Sefeloge:<\/p>\n<p>Zum ersten Mal seit drei Jahren fand wieder ein Fischerschach-Turnier bei uns statt, welches leider unter den vielen Absagen etwas litt. Deshalb wurde bei acht Teilnehmern die Anzahl der Runden auf vier verk\u00fcrzt. Gespielt wurde mit einer Bedenkzeit von 15 Minuten pro Spieler und Partie.<!--more--><\/p>\n<p>Endstand:<\/p>\n<table>\n<tbody>\n<tr>\n<td width=\"64\"><strong>Rang<\/strong><\/td>\n<td width=\"180\"><strong>Teilnehmer<\/strong><\/td>\n<td width=\"47\"><strong>G<\/strong><\/td>\n<td width=\"47\"><strong>R<\/strong><\/td>\n<td width=\"54\"><strong>V<\/strong><\/td>\n<td width=\"76\"><strong>Punkte<\/strong><\/td>\n<td width=\"75\"><strong>BH<\/strong><\/td>\n<td width=\"75\"><strong>SB<\/strong><\/td>\n<\/tr>\n<tr>\n<td width=\"64\">&nbsp;<\/td>\n<td width=\"180\">&nbsp;<\/td>\n<td width=\"47\">&nbsp;<\/td>\n<td width=\"47\">&nbsp;<\/td>\n<td width=\"54\">&nbsp;<\/td>\n<td width=\"76\">&nbsp;<\/td>\n<td width=\"75\">&nbsp;<\/td>\n<td width=\"75\">&nbsp;<\/td>\n<\/tr>\n<tr>\n<td width=\"64\">1<\/td>\n<td width=\"180\">Peter Ley<\/td>\n<td width=\"47\">3<\/td>\n<td width=\"47\">0<\/td>\n<td width=\"54\">1<\/td>\n<td width=\"76\">3.0<\/td>\n<td width=\"75\">9.0<\/td>\n<td width=\"75\">6.00<\/td>\n<\/tr>\n<tr>\n<td width=\"64\">2<\/td>\n<td width=\"180\">Jakub Rezakovic<\/td>\n<td width=\"47\">3<\/td>\n<td width=\"47\">0<\/td>\n<td width=\"54\">1<\/td>\n<td width=\"76\">3.0<\/td>\n<td width=\"75\">8.5<\/td>\n<td width=\"75\">6.50<\/td>\n<\/tr>\n<tr>\n<td width=\"64\">3<\/td>\n<td width=\"180\">Werner Sonnhoff<\/td>\n<td width=\"47\">3<\/td>\n<td width=\"47\">0<\/td>\n<td width=\"54\">1<\/td>\n<td width=\"76\">3.0<\/td>\n<td width=\"75\">6.5<\/td>\n<td width=\"75\">3.50<\/td>\n<\/tr>\n<tr>\n<td width=\"64\">4<\/td>\n<td width=\"180\">Noel Bendel<\/td>\n<td width=\"47\">2<\/td>\n<td width=\"47\">1<\/td>\n<td width=\"54\">1<\/td>\n<td width=\"76\">2.5<\/td>\n<td width=\"75\">5.5<\/td>\n<td width=\"75\">1.75<\/td>\n<\/tr>\n<tr>\n<td width=\"64\">5<\/td>\n<td width=\"180\">Dr. Axel M\u00fcller<\/td>\n<td width=\"47\">2<\/td>\n<td width=\"47\">0<\/td>\n<td width=\"54\">2<\/td>\n<td width=\"76\">2.0<\/td>\n<td width=\"75\">10.5<\/td>\n<td width=\"75\">4.50<\/td>\n<\/tr>\n<tr>\n<td width=\"64\">6<\/td>\n<td width=\"180\">Luca Engelbrecht<\/td>\n<td width=\"47\">1<\/td>\n<td width=\"47\">1<\/td>\n<td width=\"54\">2<\/td>\n<td width=\"76\">1.5<\/td>\n<td width=\"75\">7.5<\/td>\n<td width=\"75\">1.25<\/td>\n<\/tr>\n<tr>\n<td width=\"64\">7<\/td>\n<td width=\"180\">Frank Karzinowski<\/td>\n<td width=\"47\">1<\/td>\n<td width=\"47\">0<\/td>\n<td width=\"54\">3<\/td>\n<td width=\"76\">1.0<\/td>\n<td width=\"75\">8.5<\/td>\n<td width=\"75\">0.00<\/td>\n<\/tr>\n<tr>\n<td width=\"64\">8<\/td>\n<td width=\"180\">Elmar Wiskirchen<\/td>\n<td width=\"47\">0<\/td>\n<td width=\"47\">0<\/td>\n<td width=\"54\">4<\/td>\n<td width=\"76\">0.0<\/td>\n<td width=\"75\">8.0<\/td>\n<td width=\"75\">0.00<\/td>\n<\/tr>\n<\/tbody>\n<\/table>\n<p>&nbsp;<\/p>\n<p>Einige der Teilnehmer hatten diese Art des Schachs noch nie gespielt, kamen aber auf Anhieb gut damit zurecht. Das trifft ganz besonders auf Jakub Rezakovic zu, dem einige sogar gut zureden mussten, damit er \u00fcberhaupt mitspielt. Um ein Haar h\u00e4tte er das Turnier gewonnen, denn in der letzten Runde stoppte er den vom Start davoneilenden Peter Ley. Ganz toll spielte auch Noel Bendel, f\u00fcr die es ebenfalls eine Premiere war. Noel spielte sehr konzentriert, nutzte ihre Bedenkzeit voll aus und hatte noch das Pech, Luca Engelbrecht mitten auf dem Brett Patt zu setzten. Dieser r\u00e4umte sogar noch einen weiteren Punkt gegen Elmar Wiskirchen in einer Art und Weise ab, dass der Turnierleiter bei Zuschauen Sch\u00fcttelfrost bekam. Mit mindestens drei Figuren und einigen Bauern weniger, der K\u00f6nig schon in Richtung Brettmitte getrieben, setzte er mit seinem letzten Springer einz\u00fcgig Matt! Der K\u00f6nig von Elmar stand noch in der Grundstellung, umgeben von Figuren und Bauern, jeglicher Fluchtfelder beraubt, musste er sich einem erstickten Matt beugen.<\/p>\n<p>Dennoch hat es allen Mitspieler\/innen gro\u00dfen Spa\u00df gemacht, bleibt zu hoffen, diese Art des Schachs im n\u00e4chsten Jahr in einem etwas gr\u00f6\u00dferen Rahmen auszutragen.<\/p>\n","protected":false},"excerpt":{"rendered":"<p>Bericht des Turnierleiters Michael Sefeloge: Zum ersten Mal seit drei Jahren fand wieder ein Fischerschach-Turnier bei uns statt, welches leider unter den vielen Absagen etwas litt. Deshalb wurde bei acht [&hellip;]<\/p>\n","protected":false},"author":2,"featured_media":0,"comment_status":"open","ping_status":"open","sticky":false,"template":"","format":"standard","meta":{"footnotes":""},"categories":[1],"tags":[],"_links":{"self":[{"href":"https:\/\/turm-lahnstein.de\/index.php?rest_route=\/wp\/v2\/posts\/2193"}],"collection":[{"href":"https:\/\/turm-lahnstein.de\/index.php?rest_route=\/wp\/v2\/posts"}],"about":[{"href":"https:\/\/turm-lahnstein.de\/index.php?rest_route=\/wp\/v2\/types\/post"}],"author":[{"embeddable":true,"href":"https:\/\/turm-lahnstein.de\/index.php?rest_route=\/wp\/v2\/users\/2"}],"replies":[{"embeddable":true,"href":"https:\/\/turm-lahnstein.de\/index.php?rest_route=%2Fwp%2Fv2%2Fcomments&post=2193"}],"version-history":[{"count":0,"href":"https:\/\/turm-lahnstein.de\/index.php?rest_route=\/wp\/v2\/posts\/2193\/revisions"}],"wp:attachment":[{"href":"https:\/\/turm-lahnstein.de\/index.php?rest_route=%2Fwp%2Fv2%2Fmedia&parent=2193"}],"wp:term":[{"taxonomy":"category","embeddable":true,"href":"https:\/\/turm-lahnstein.de\/index.php?rest_route=%2Fwp%2Fv2%2Fcategories&post=2193"},{"taxonomy":"post_tag","embeddable":true,"href":"https:\/\/turm-lahnstein.de\/index.php?rest_route=%2Fwp%2Fv2%2Ftags&post=2193"}],"curies":[{"name":"wp","href":"https:\/\/api.w.org\/{rel}","templated":true}]}}