{"id":218,"date":"2012-11-22T08:14:57","date_gmt":"2012-11-22T08:14:57","guid":{"rendered":"http:\/\/turmlahnstein.wordpress.com\/?p=218"},"modified":"2012-11-22T08:14:57","modified_gmt":"2012-11-22T08:14:57","slug":"erste-und-zweite-mannschaft-zeitgleich-im-einsatz","status":"publish","type":"post","link":"https:\/\/turm-lahnstein.de\/?p=218","title":{"rendered":"Erste und zweite Mannschaft zeitgleich im Einsatz"},"content":{"rendered":"<p><img loading=\"lazy\" decoding=\"async\" class=\"alignright size-thumbnail wp-image-68\" title=\"friedhelm_col\" alt=\"\" src=\"https:\/\/turm-lahnstein.de\/wp-content\/uploads\/2012\/09\/friedhelm_col.jpg?w=150\" height=\"146\" width=\"150\" \/>Am letzten Wochenende mussten die beiden ersten Mannschaften des Schachvereins Turm Lahnstein zeitgleich Meisterschaftspiele absolvieren. Dies kann insbesondere wenn Ersatzspieler erforderlich werden, Probleme mit sich bringen. Gl\u00fccklicherweise hielten sich diese beim Doppelspieltag in Grenzen.<\/p>\n<p><!--more--><\/p>\n<p>Die erste Mannschaft holte in der 1. Rheinland-Pfalz-Liga mit einem 4,5:3,5 Sieg bei der SG Trier II, der Reserve des Erstbundesligisten von der Mosel, wichtige Siegpunkte. Marc Suderland, Stephan B\u00fcchner und Ralf Teichgr\u00e4ber gewannen ihre Partien und Egor Dranischnikow, Achim Michels und Julian Hastrich, der die wichtige letzte Partie zu einem guten Ende bringen musste, erzielten je ein Remis. Bujar Murati und Gerhard Reznik, der bereits zum dritten Mal als Ersatzspieler aushalf mussten sich ihrem Gegner geschlagen geben.<\/p>\n<p>Ebenfalls an acht Brettern hatte die zweite Vertretung der Rhein-Lahn-St\u00e4dter in der Rheinland-Liga mit dem knappsten m\u00f6glichen Resultat au\u00dfer dem Unentschieden mit 3,5:4,5 gegen die SG Neuwied\/Heimbach-Weis das Nachsehen. Hier sorgten die beiden Mannschaftssenioren Michael Sefeloge und Werner Sonnhoff f\u00fcr zwei Gewinnpartien, denen allerdings Niederlagen von Adrian Persch, Friedhelm Schneider und \u2013 aus klar vorteilhafter Stellung leider auch &#8211; Lukas Usczeck gegen\u00fcberstanden. Da reichten die weiteren Remispartien durch Thomas Buch, Peter Schreieck und Florian Auras nicht mehr aus.<\/p>\n","protected":false},"excerpt":{"rendered":"<p>Am letzten Wochenende mussten die beiden ersten Mannschaften des Schachvereins Turm Lahnstein zeitgleich Meisterschaftspiele absolvieren. Dies kann insbesondere wenn Ersatzspieler erforderlich werden, Probleme mit sich bringen. Gl\u00fccklicherweise hielten sich diese [&hellip;]<\/p>\n","protected":false},"author":2,"featured_media":0,"comment_status":"open","ping_status":"open","sticky":false,"template":"","format":"standard","meta":{"footnotes":""},"categories":[18,11,26],"tags":[89,29,90,60,75,91,93,94],"_links":{"self":[{"href":"https:\/\/turm-lahnstein.de\/index.php?rest_route=\/wp\/v2\/posts\/218"}],"collection":[{"href":"https:\/\/turm-lahnstein.de\/index.php?rest_route=\/wp\/v2\/posts"}],"about":[{"href":"https:\/\/turm-lahnstein.de\/index.php?rest_route=\/wp\/v2\/types\/post"}],"author":[{"embeddable":true,"href":"https:\/\/turm-lahnstein.de\/index.php?rest_route=\/wp\/v2\/users\/2"}],"replies":[{"embeddable":true,"href":"https:\/\/turm-lahnstein.de\/index.php?rest_route=%2Fwp%2Fv2%2Fcomments&post=218"}],"version-history":[{"count":0,"href":"https:\/\/turm-lahnstein.de\/index.php?rest_route=\/wp\/v2\/posts\/218\/revisions"}],"wp:attachment":[{"href":"https:\/\/turm-lahnstein.de\/index.php?rest_route=%2Fwp%2Fv2%2Fmedia&parent=218"}],"wp:term":[{"taxonomy":"category","embeddable":true,"href":"https:\/\/turm-lahnstein.de\/index.php?rest_route=%2Fwp%2Fv2%2Fcategories&post=218"},{"taxonomy":"post_tag","embeddable":true,"href":"https:\/\/turm-lahnstein.de\/index.php?rest_route=%2Fwp%2Fv2%2Ftags&post=218"}],"curies":[{"name":"wp","href":"https:\/\/api.w.org\/{rel}","templated":true}]}}