{"id":2163,"date":"2016-04-26T13:22:09","date_gmt":"2016-04-26T13:22:09","guid":{"rendered":"https:\/\/turmlahnstein.wordpress.com\/?p=2163"},"modified":"2016-04-26T13:22:09","modified_gmt":"2016-04-26T13:22:09","slug":"pressebericht-dennis-sanner-zum-achten-male-vereinsmeister","status":"publish","type":"post","link":"https:\/\/turm-lahnstein.de\/?p=2163","title":{"rendered":"Pressebericht: Dennis Sanner zum achten Male Vereinsmeister"},"content":{"rendered":"<p><img loading=\"lazy\" decoding=\"async\" class=\"alignright size-full wp-image-68\" src=\"https:\/\/turmlahnstein.files.wordpress.com\/2012\/09\/friedhelm_col.jpg\" alt=\"friedhelm_col\" width=\"254\" height=\"248\" \/>Die Vereinsmeisterschaft 2016 des Schachvereins Turm Lahnstein wurde mit einem 100prozentigen Ergebnis von sieben Punkten aus sieben Partien von Dennis Sanner gewonnen. Es ist bereits sein achter Titel als Stadt- und Vereinsmeister. <!--more-->Neunzehn Teilnehmerinnen und Teilnehmer bildeten ein ansehnliches Teilnehmerfeld, das f\u00fcr spannende Partien sorgte. Die Jugendlichen waren gegen\u00fcber den Erwachsenen zahlenm\u00e4\u00dfig in der \u00dcberzahl und brachten in vielen Partien die \u00e4lteren und erfahrenen Turnierspieler ganz sch\u00f6n ins Gr\u00fcbeln. In der Abschlusstabelle sicherte sich mit Ralf Teichgr\u00e4ber der neben Dennis Sanner einzige mitspielende Stammspieler der ersten Mannschaft mit 5,5 Punkten den Vizemeistertitel. Den dritten Platz sicherte sich Kurt Sanner mit f\u00fcnf Punkten, der den Vorjahressieger Friedhelm Schneider mit 4,5 Punkten auf den vierten Platz verwies. Punktgleich wurde Sabrina Ley als F\u00fcnfte zugleich beste Jugendliche. Niklas Herbel und Lars Wei\u00dfenfels befinden sich als Zweiter und Dritter der Jugendwertung unter den Spielern mit je vier Punkten.<\/p>\n","protected":false},"excerpt":{"rendered":"<p>Die Vereinsmeisterschaft 2016 des Schachvereins Turm Lahnstein wurde mit einem 100prozentigen Ergebnis von sieben Punkten aus sieben Partien von Dennis Sanner gewonnen. Es ist bereits sein achter Titel als Stadt- [&hellip;]<\/p>\n","protected":false},"author":2,"featured_media":0,"comment_status":"open","ping_status":"open","sticky":false,"template":"","format":"standard","meta":{"footnotes":""},"categories":[11,10],"tags":[],"_links":{"self":[{"href":"https:\/\/turm-lahnstein.de\/index.php?rest_route=\/wp\/v2\/posts\/2163"}],"collection":[{"href":"https:\/\/turm-lahnstein.de\/index.php?rest_route=\/wp\/v2\/posts"}],"about":[{"href":"https:\/\/turm-lahnstein.de\/index.php?rest_route=\/wp\/v2\/types\/post"}],"author":[{"embeddable":true,"href":"https:\/\/turm-lahnstein.de\/index.php?rest_route=\/wp\/v2\/users\/2"}],"replies":[{"embeddable":true,"href":"https:\/\/turm-lahnstein.de\/index.php?rest_route=%2Fwp%2Fv2%2Fcomments&post=2163"}],"version-history":[{"count":0,"href":"https:\/\/turm-lahnstein.de\/index.php?rest_route=\/wp\/v2\/posts\/2163\/revisions"}],"wp:attachment":[{"href":"https:\/\/turm-lahnstein.de\/index.php?rest_route=%2Fwp%2Fv2%2Fmedia&parent=2163"}],"wp:term":[{"taxonomy":"category","embeddable":true,"href":"https:\/\/turm-lahnstein.de\/index.php?rest_route=%2Fwp%2Fv2%2Fcategories&post=2163"},{"taxonomy":"post_tag","embeddable":true,"href":"https:\/\/turm-lahnstein.de\/index.php?rest_route=%2Fwp%2Fv2%2Ftags&post=2163"}],"curies":[{"name":"wp","href":"https:\/\/api.w.org\/{rel}","templated":true}]}}