{"id":2157,"date":"2016-04-21T05:57:45","date_gmt":"2016-04-21T05:57:45","guid":{"rendered":"https:\/\/turmlahnstein.wordpress.com\/?p=2157"},"modified":"2016-04-21T05:57:45","modified_gmt":"2016-04-21T05:57:45","slug":"pressebericht-fuenfter-platz-in-der-abschlusstabelle","status":"publish","type":"post","link":"https:\/\/turm-lahnstein.de\/?p=2157","title":{"rendered":"Pressebericht: F\u00fcnfter Platz in der Abschlusstabelle"},"content":{"rendered":"<p><img loading=\"lazy\" decoding=\"async\" class=\"alignright size-full wp-image-68\" src=\"https:\/\/turmlahnstein.files.wordpress.com\/2012\/09\/friedhelm_col.jpg\" alt=\"friedhelm_col\" width=\"254\" height=\"248\" \/>Mit der letzten Runde des Spieljahres 2015\/16 der Spielklassen des Schachbezirks Rhein-Nahe ging auch f\u00fcr die dritte Vertretung des Schachvereins Turm Lahnstein die Saison zu Ende. <!--more--><\/p>\n<p>In der B-Klassen-Mannschaft tummeln sich ausschlie\u00dflich Jugendliche, die mit viel Spielfreude wichtige Erfahrungen im Turnierspielbetrieb sammeln. Dass dabei auch eine gewisse Portion sportlicher Ehrgeiz eine Rolle spielt, aber nicht im Vordergrund steht, ist richtig. Mit dem erzielten positivem Punkteverh\u00e4ltnis von 10 : 8 und dem 5. Platz von 10 Mannschaften konnte ein ordentliches Ergebnis erzielt werden, wobei Einzelne sich mehr ausgerechnet hatten.<\/p>\n<p>Die besten Einzelergebnisse erzielten Martin Walzer mit 5 von sechs m\u00f6glichen Punkten, Lars Wei\u00dfenfels mit vier und Niklas Herbel mit 3,5 Punkten. Tomislaw Vekic gewann alle seine drei Eins\u00e4tze. Elsin Smakic, Ismail Smakic, Luca Engelbrecht und Joshua Lenz komplettieren den Spielerkader der Mannschaft, die mit gerade einmal 12 \u00bd Jahren durchschnittlich die J\u00fcngste dieser Spielklasse ist.<\/p>\n<p>&nbsp;<\/p>\n","protected":false},"excerpt":{"rendered":"<p>Mit der letzten Runde des Spieljahres 2015\/16 der Spielklassen des Schachbezirks Rhein-Nahe ging auch f\u00fcr die dritte Vertretung des Schachvereins Turm Lahnstein die Saison zu Ende.<\/p>\n","protected":false},"author":4,"featured_media":0,"comment_status":"open","ping_status":"open","sticky":false,"template":"","format":"standard","meta":{"footnotes":""},"categories":[1],"tags":[],"_links":{"self":[{"href":"https:\/\/turm-lahnstein.de\/index.php?rest_route=\/wp\/v2\/posts\/2157"}],"collection":[{"href":"https:\/\/turm-lahnstein.de\/index.php?rest_route=\/wp\/v2\/posts"}],"about":[{"href":"https:\/\/turm-lahnstein.de\/index.php?rest_route=\/wp\/v2\/types\/post"}],"author":[{"embeddable":true,"href":"https:\/\/turm-lahnstein.de\/index.php?rest_route=\/wp\/v2\/users\/4"}],"replies":[{"embeddable":true,"href":"https:\/\/turm-lahnstein.de\/index.php?rest_route=%2Fwp%2Fv2%2Fcomments&post=2157"}],"version-history":[{"count":0,"href":"https:\/\/turm-lahnstein.de\/index.php?rest_route=\/wp\/v2\/posts\/2157\/revisions"}],"wp:attachment":[{"href":"https:\/\/turm-lahnstein.de\/index.php?rest_route=%2Fwp%2Fv2%2Fmedia&parent=2157"}],"wp:term":[{"taxonomy":"category","embeddable":true,"href":"https:\/\/turm-lahnstein.de\/index.php?rest_route=%2Fwp%2Fv2%2Fcategories&post=2157"},{"taxonomy":"post_tag","embeddable":true,"href":"https:\/\/turm-lahnstein.de\/index.php?rest_route=%2Fwp%2Fv2%2Ftags&post=2157"}],"curies":[{"name":"wp","href":"https:\/\/api.w.org\/{rel}","templated":true}]}}