{"id":2149,"date":"2016-04-13T17:56:19","date_gmt":"2016-04-13T17:56:19","guid":{"rendered":"https:\/\/turmlahnstein.wordpress.com\/?p=2149"},"modified":"2016-04-13T17:56:19","modified_gmt":"2016-04-13T17:56:19","slug":"pressebericht-ausgeglichenes-punktekonto-zum-saisonabschluss","status":"publish","type":"post","link":"https:\/\/turm-lahnstein.de\/?p=2149","title":{"rendered":"Pressebericht: Ausgeglichenes Punktekonto zum Saisonabschluss"},"content":{"rendered":"<p><img loading=\"lazy\" decoding=\"async\" class=\"alignright size-full wp-image-68\" src=\"https:\/\/turmlahnstein.files.wordpress.com\/2012\/09\/friedhelm_col.jpg\" alt=\"friedhelm_col\" width=\"254\" height=\"248\" \/>Auf ein durchwachsenes Spieljahr blickt die erste Mannschaft des Schachvereins Turm Lahnstein zur\u00fcck. Mit dem abschlie\u00dfenden 4 : 4 Unentschieden gegen die SG Mayen\/Mendig \u2013 dem einzigen Mannschaftsremis der ganzen Saison \u2013 schlossen die Rhein-Lahn-St\u00e4dter mit einem ausgeglichenen Punktekonto von 9 : 9 ab.<!--more--> Bei den knappen Punkteabst\u00e4nden in der 2. Rheinland-Pfalz-Liga reichte dies zwar nur zum 7. Platz unter zehn Mannschaften, aber dies ist leicht zu verschmerzen. Schwerer wiegt die Tatsache, dass mehrfach Aufstellungsprobleme auftraten, die erst kurz vor Spielbeginn gel\u00f6st werden konnten. Umso h\u00f6her ist die Leistung des erfolgreichsten Einzelspielers Stephan B\u00fcchner, der 6,5 Punkte erzielte und in allen neun Partien zum Einsatz kam, zu bewerten. Lediglich Dennis Sanner und Ralf Teichgr\u00e4ber spielten auch alle Partien mit und \u00fcberzeugten mit jeweils 4,5 Punkten. Zur Stammmannschaft z\u00e4hlen auch Egor Dranischnikow, Bujar Murati, Sabrina Ley, Julian Voss, Thomas Buch und J\u00f6rg Kap, die alle respektable , aber keine herausragenden Ergebnisse\u00a0 erzielten.<\/p>\n","protected":false},"excerpt":{"rendered":"<p>Auf ein durchwachsenes Spieljahr blickt die erste Mannschaft des Schachvereins Turm Lahnstein zur\u00fcck. Mit dem abschlie\u00dfenden 4 : 4 Unentschieden gegen die SG Mayen\/Mendig \u2013 dem einzigen Mannschaftsremis der ganzen [&hellip;]<\/p>\n","protected":false},"author":4,"featured_media":0,"comment_status":"open","ping_status":"open","sticky":false,"template":"","format":"standard","meta":{"footnotes":""},"categories":[214,11],"tags":[],"_links":{"self":[{"href":"https:\/\/turm-lahnstein.de\/index.php?rest_route=\/wp\/v2\/posts\/2149"}],"collection":[{"href":"https:\/\/turm-lahnstein.de\/index.php?rest_route=\/wp\/v2\/posts"}],"about":[{"href":"https:\/\/turm-lahnstein.de\/index.php?rest_route=\/wp\/v2\/types\/post"}],"author":[{"embeddable":true,"href":"https:\/\/turm-lahnstein.de\/index.php?rest_route=\/wp\/v2\/users\/4"}],"replies":[{"embeddable":true,"href":"https:\/\/turm-lahnstein.de\/index.php?rest_route=%2Fwp%2Fv2%2Fcomments&post=2149"}],"version-history":[{"count":0,"href":"https:\/\/turm-lahnstein.de\/index.php?rest_route=\/wp\/v2\/posts\/2149\/revisions"}],"wp:attachment":[{"href":"https:\/\/turm-lahnstein.de\/index.php?rest_route=%2Fwp%2Fv2%2Fmedia&parent=2149"}],"wp:term":[{"taxonomy":"category","embeddable":true,"href":"https:\/\/turm-lahnstein.de\/index.php?rest_route=%2Fwp%2Fv2%2Fcategories&post=2149"},{"taxonomy":"post_tag","embeddable":true,"href":"https:\/\/turm-lahnstein.de\/index.php?rest_route=%2Fwp%2Fv2%2Ftags&post=2149"}],"curies":[{"name":"wp","href":"https:\/\/api.w.org\/{rel}","templated":true}]}}