{"id":2108,"date":"2016-04-10T15:37:54","date_gmt":"2016-04-10T15:37:54","guid":{"rendered":"https:\/\/turmlahnstein.wordpress.com\/?p=2108"},"modified":"2016-04-10T15:37:54","modified_gmt":"2016-04-10T15:37:54","slug":"7-ochtendunger-jugendschachturnier","status":"publish","type":"post","link":"https:\/\/turm-lahnstein.de\/?p=2108","title":{"rendered":"7. Ochtendunger Jugendschachturnier"},"content":{"rendered":"<p><img loading=\"lazy\" decoding=\"async\" class=\"alignright size-medium wp-image-2126\" src=\"https:\/\/turm-lahnstein.de\/wp-content\/uploads\/2016\/04\/img_0259.jpg?w=300\" alt=\"IMG_0259\" width=\"300\" height=\"225\" srcset=\"https:\/\/turm-lahnstein.de\/wp-content\/uploads\/2016\/04\/img_0259.jpg 1200w, https:\/\/turm-lahnstein.de\/wp-content\/uploads\/2016\/04\/img_0259-300x225.jpg 300w, https:\/\/turm-lahnstein.de\/wp-content\/uploads\/2016\/04\/img_0259-1024x768.jpg 1024w, https:\/\/turm-lahnstein.de\/wp-content\/uploads\/2016\/04\/img_0259-768x576.jpg 768w\" sizes=\"(max-width: 300px) 100vw, 300px\" \/>Mit 17 Lahnsteiner waren wir zu Gast in Ochtendung. Im Bericht allen gerecht zu werden ist schwierig, aber ich versuche es einmal und fange bei der vielleicht besten Leistung an diesem Tage an:<!--more--> In der U12 kam es in der letzten\u00a0 Runde zum Endspiel zwischen Ismail und Rheinland-Pfalzmeister Tillmann Marschall. Es wurde eine sehr spannende Partie mit einem etwas \u00f6den Ende. Die Stellung war lange unklar. Tillmann opferte eine Qualit\u00e4t f\u00fcr Angriff und Ismail musste 2x einzige Z\u00fcge finden um den Angriff abzuwehren. Zun\u00e4chst hatte Ismail ein deutliches Zeitplus. Er kam aber gerade nach dem Abschlagen der \u00e4rgsten Bedr\u00e4ngnis ins Gr\u00fcbeln und liess die Zeit einfach so runterlaufen, ohne mal ein wenig schneller zu spielen ?? F\u00fcr die insgesamt sehr gute Leistung\u00a0 reichte es leider nur zu Platz 7.<\/p>\n<div id='gallery-1' class='gallery galleryid-2108 gallery-columns-1 gallery-size-medium'><figure class='gallery-item'>\n\t\t\t<div class='gallery-icon landscape'>\n\t\t\t\t<a href='https:\/\/turm-lahnstein.de\/?attachment_id=2109'><img loading=\"lazy\" decoding=\"async\" width=\"300\" height=\"225\" src=\"https:\/\/turm-lahnstein.de\/wp-content\/uploads\/2016\/04\/img_0270-300x225.jpg\" class=\"attachment-medium size-medium\" alt=\"\" srcset=\"https:\/\/turm-lahnstein.de\/wp-content\/uploads\/2016\/04\/img_0270-300x225.jpg 300w, https:\/\/turm-lahnstein.de\/wp-content\/uploads\/2016\/04\/img_0270-768x576.jpg 768w, https:\/\/turm-lahnstein.de\/wp-content\/uploads\/2016\/04\/img_0270.jpg 1000w\" sizes=\"(max-width: 300px) 100vw, 300px\" \/><\/a>\n\t\t\t<\/div><\/figure>\n\t\t<\/div>\n\n<p>.<\/p>\n<p>Dann zu den &#8218;\u00c4lteren&#8216; in der U14. Annika spielte wie eigentlich h\u00e4ufig in ihren Partien zun\u00e4chst sehr solide und konnte auch gegen starke Gegner mithalten. Dann kommt eine Unkonzentriertheit und die Partie kippt mit einem schweren Patzer. Beispielhaft die hier zusehende Stellung. Dxf6 sah sie, \u00fcberlegte lange und wollte das ewige Schach wohl nicht. Ich denke zurecht, war aber nicht so verwundert als eine Minute sp\u00e4ter die Partie zu ihren ungungsten vorbei war. Einmal konnte sie aber gewinnen und noch 2 Spieler hinter sich lassen.<\/p>\n<div id='gallery-2' class='gallery galleryid-2108 gallery-columns-1 gallery-size-medium'><figure class='gallery-item'>\n\t\t\t<div class='gallery-icon landscape'>\n\t\t\t\t<a href='https:\/\/turm-lahnstein.de\/?attachment_id=2120'><img loading=\"lazy\" decoding=\"async\" width=\"300\" height=\"225\" src=\"https:\/\/turm-lahnstein.de\/wp-content\/uploads\/2016\/04\/img_0268-300x225.jpg\" class=\"attachment-medium size-medium\" alt=\"\" srcset=\"https:\/\/turm-lahnstein.de\/wp-content\/uploads\/2016\/04\/img_0268-300x225.jpg 300w, https:\/\/turm-lahnstein.de\/wp-content\/uploads\/2016\/04\/img_0268-768x576.jpg 768w, https:\/\/turm-lahnstein.de\/wp-content\/uploads\/2016\/04\/img_0268.jpg 1000w\" sizes=\"(max-width: 300px) 100vw, 300px\" \/><\/a>\n\t\t\t<\/div><\/figure>\n\t\t<\/div>\n\n<p>&nbsp;<\/p>\n<p>Elsin und Melvin schon in der ersten Runde gegeneinander. Elsin behielt die Oberhand. 3 Punkte waren ein ordentliches Ergebnis, spielte er doch oben mit. F\u00fcr den Punch in die Pokalr\u00e4nge zu kommen reicht es im Moment nicht ganz. Hoffentlich kommt auch das bald wieder haben wir n\u00e4chste Woche doch unser letztes Saisonspiel in der B-Klasse und hoffen das es da wieder bei Elsin funktioniert. F\u00fcr Melvin waren 2 Punkte ok. Er steigert sich best\u00e4ndig und hat viel Freude am Schach, spielt er doch erst wenige Monate im Verein.<\/p>\n<div id='gallery-3' class='gallery galleryid-2108 gallery-columns-1 gallery-size-medium'><figure class='gallery-item'>\n\t\t\t<div class='gallery-icon landscape'>\n\t\t\t\t<a href='https:\/\/turm-lahnstein.de\/?attachment_id=2118'><img loading=\"lazy\" decoding=\"async\" width=\"300\" height=\"225\" src=\"https:\/\/turm-lahnstein.de\/wp-content\/uploads\/2016\/04\/img_0238-300x225.jpg\" class=\"attachment-medium size-medium\" alt=\"\" srcset=\"https:\/\/turm-lahnstein.de\/wp-content\/uploads\/2016\/04\/img_0238-300x225.jpg 300w, https:\/\/turm-lahnstein.de\/wp-content\/uploads\/2016\/04\/img_0238-768x576.jpg 768w, https:\/\/turm-lahnstein.de\/wp-content\/uploads\/2016\/04\/img_0238.jpg 1000w\" sizes=\"(max-width: 300px) 100vw, 300px\" \/><\/a>\n\t\t\t<\/div><\/figure>\n\t\t<\/div>\n\n<p>Luca erzielte auch gute 3 Punkte und landete in der oberen H\u00e4lfte. Auch er leidet unter gelegentlichen Auss\u00e4tzern nach ordentlicher Partieanlage.<\/p>\n<div id='gallery-4' class='gallery galleryid-2108 gallery-columns-1 gallery-size-medium'><figure class='gallery-item'>\n\t\t\t<div class='gallery-icon landscape'>\n\t\t\t\t<a href='https:\/\/turm-lahnstein.de\/?attachment_id=2119'><img loading=\"lazy\" decoding=\"async\" width=\"300\" height=\"225\" src=\"https:\/\/turm-lahnstein.de\/wp-content\/uploads\/2016\/04\/img_0234-300x225.jpg\" class=\"attachment-medium size-medium\" alt=\"\" srcset=\"https:\/\/turm-lahnstein.de\/wp-content\/uploads\/2016\/04\/img_0234-300x225.jpg 300w, https:\/\/turm-lahnstein.de\/wp-content\/uploads\/2016\/04\/img_0234-768x576.jpg 768w, https:\/\/turm-lahnstein.de\/wp-content\/uploads\/2016\/04\/img_0234.jpg 1000w\" sizes=\"(max-width: 300px) 100vw, 300px\" \/><\/a>\n\t\t\t<\/div><\/figure>\n\t\t<\/div>\n\n<p>Felix ist schon seit einer gef\u00fchlten Ewigkeit dabei, spielt aber fast nie Turniere mit und so merkte man ihm die fehlende Praxis an. Nach der Er\u00f6ffnung sah das meist noch sehr ordentlich aus, aber leider irgendwann liess es nach und war dann schnell rum. Er sollte sich davon nicht entmutigen lassen, dann wird es in den n\u00e4chsten Turnieren auch besser.<\/p>\n<div id='gallery-5' class='gallery galleryid-2108 gallery-columns-1 gallery-size-medium'><figure class='gallery-item'>\n\t\t\t<div class='gallery-icon landscape'>\n\t\t\t\t<a href='https:\/\/turm-lahnstein.de\/?attachment_id=2121'><img loading=\"lazy\" decoding=\"async\" width=\"300\" height=\"225\" src=\"https:\/\/turm-lahnstein.de\/wp-content\/uploads\/2016\/04\/img_0233-300x225.jpg\" class=\"attachment-medium size-medium\" alt=\"\" srcset=\"https:\/\/turm-lahnstein.de\/wp-content\/uploads\/2016\/04\/img_0233-300x225.jpg 300w, https:\/\/turm-lahnstein.de\/wp-content\/uploads\/2016\/04\/img_0233-768x576.jpg 768w, https:\/\/turm-lahnstein.de\/wp-content\/uploads\/2016\/04\/img_0233.jpg 1000w\" sizes=\"(max-width: 300px) 100vw, 300px\" \/><\/a>\n\t\t\t<\/div><\/figure>\n\t\t<\/div>\n\n<p>Neben Ismail ist auch Tomislav (hinten links) immer ein Kandidat f\u00fcr Pokale. Nach 2 Siegen und 2 Remis hatte er in der letzten Runde durchaus auch noch die Chance dazu. Die Partie missgl\u00fcckte ihm aber und so wurde es &#8217;nur&#8216; Platz 9 in dem sehr starken Teilnehmerfeld. Sipan (vorne rechts) fehlt einfach ein wenig die Seriosit\u00e4t am Brett. Immer gut gelaunt hat man das Gef\u00fchl er denkt schon \u00fcber das Fussball in der Pause nach, statt sich in die Partie rein zu h\u00e4ngen. 2 Punkte sind f\u00fcr ihn kein so tolles Ergebnis.<\/p>\n<div id='gallery-6' class='gallery galleryid-2108 gallery-columns-1 gallery-size-medium'><figure class='gallery-item'>\n\t\t\t<div class='gallery-icon landscape'>\n\t\t\t\t<a href='https:\/\/turm-lahnstein.de\/?attachment_id=2117'><img loading=\"lazy\" decoding=\"async\" width=\"300\" height=\"225\" src=\"https:\/\/turm-lahnstein.de\/wp-content\/uploads\/2016\/04\/img_0231-300x225.jpg\" class=\"attachment-medium size-medium\" alt=\"\" srcset=\"https:\/\/turm-lahnstein.de\/wp-content\/uploads\/2016\/04\/img_0231-300x225.jpg 300w, https:\/\/turm-lahnstein.de\/wp-content\/uploads\/2016\/04\/img_0231-768x576.jpg 768w, https:\/\/turm-lahnstein.de\/wp-content\/uploads\/2016\/04\/img_0231.jpg 1000w\" sizes=\"(max-width: 300px) 100vw, 300px\" \/><\/a>\n\t\t\t<\/div><\/figure>\n\t\t<\/div>\n\n<p>F\u00fcr Tim waren in dem starken Feld 2,5 Punkte und ein Mittelfeldplatz ein sehr ordentliches Ergebnis. Auch er k\u00f6nnte sich ab und zu mehr Bedenkzeit g\u00f6nnen.<\/p>\n<div id='gallery-7' class='gallery galleryid-2108 gallery-columns-1 gallery-size-medium'><figure class='gallery-item'>\n\t\t\t<div class='gallery-icon landscape'>\n\t\t\t\t<a href='https:\/\/turm-lahnstein.de\/?attachment_id=2116'><img loading=\"lazy\" decoding=\"async\" width=\"300\" height=\"225\" src=\"https:\/\/turm-lahnstein.de\/wp-content\/uploads\/2016\/04\/img_0229-300x225.jpg\" class=\"attachment-medium size-medium\" alt=\"\" srcset=\"https:\/\/turm-lahnstein.de\/wp-content\/uploads\/2016\/04\/img_0229-300x225.jpg 300w, https:\/\/turm-lahnstein.de\/wp-content\/uploads\/2016\/04\/img_0229-768x576.jpg 768w, https:\/\/turm-lahnstein.de\/wp-content\/uploads\/2016\/04\/img_0229.jpg 1000w\" sizes=\"(max-width: 300px) 100vw, 300px\" \/><\/a>\n\t\t\t<\/div><\/figure>\n\t\t<\/div>\n\n<p>Bei den U10er war Zehra das erste mal dabei und noch sp\u00fcrbar verunsichert mit Uhr zu spielen. Sie hatte solche Angst auf Zeit zu verlieren, dass sie kaum mehr als eine Minute verbrauchte. Auf dem Bild sieht man wie sehr eine Hand in Uhrn\u00e4he verblieb. Immerhin liess sie mit einem Punkt noch 2 Spieler hinter sich.<\/p>\n<div id='gallery-8' class='gallery galleryid-2108 gallery-columns-1 gallery-size-medium'><figure class='gallery-item'>\n\t\t\t<div class='gallery-icon landscape'>\n\t\t\t\t<a href='https:\/\/turm-lahnstein.de\/?attachment_id=2112'><img loading=\"lazy\" decoding=\"async\" width=\"300\" height=\"225\" src=\"https:\/\/turm-lahnstein.de\/wp-content\/uploads\/2016\/04\/img_0263-300x225.jpg\" class=\"attachment-medium size-medium\" alt=\"\" srcset=\"https:\/\/turm-lahnstein.de\/wp-content\/uploads\/2016\/04\/img_0263-300x225.jpg 300w, https:\/\/turm-lahnstein.de\/wp-content\/uploads\/2016\/04\/img_0263-768x576.jpg 768w, https:\/\/turm-lahnstein.de\/wp-content\/uploads\/2016\/04\/img_0263.jpg 1000w\" sizes=\"(max-width: 300px) 100vw, 300px\" \/><\/a>\n\t\t\t<\/div><\/figure>\n\t\t<\/div>\n\n<p>Mit Lasse war ich bei seinem ersten Turnier als T\u00fcrmler sehr zufrieden. Hier konnte er gegen den Rheinlandmeister Maximilian Felten lange mithalten, ehe er dann doch was liegen liess. Auch seine \u00fcbrigen Partien sahen recht durchdacht aus. Dieses mal waren es erstmal nur 2 Punkte aber er spielt ja auch n\u00e4chstes Jahr noch U10 und dann ist mit ihm zu rechnen.<\/p>\n<div id='gallery-9' class='gallery galleryid-2108 gallery-columns-1 gallery-size-medium'><figure class='gallery-item'>\n\t\t\t<div class='gallery-icon landscape'>\n\t\t\t\t<a href='https:\/\/turm-lahnstein.de\/?attachment_id=2114'><img loading=\"lazy\" decoding=\"async\" width=\"300\" height=\"225\" src=\"https:\/\/turm-lahnstein.de\/wp-content\/uploads\/2016\/04\/img_0220-300x225.jpg\" class=\"attachment-medium size-medium\" alt=\"\" srcset=\"https:\/\/turm-lahnstein.de\/wp-content\/uploads\/2016\/04\/img_0220-300x225.jpg 300w, https:\/\/turm-lahnstein.de\/wp-content\/uploads\/2016\/04\/img_0220-768x576.jpg 768w, https:\/\/turm-lahnstein.de\/wp-content\/uploads\/2016\/04\/img_0220.jpg 1000w\" sizes=\"(max-width: 300px) 100vw, 300px\" \/><\/a>\n\t\t\t<\/div><\/figure>\n\t\t<\/div>\n\n<p>Jonathan ist immer vergn\u00fcgt dabei und mit sich und der Schachwelt zufrieden. 3 Punkte und Platz 11 von 27 waren auch ein gutes Resultat. Als Preis suchte er sich ein Spiel aus und verzog sich in eine Ecke um es auch direkt zu testen. Auf der 15 min\u00fctigen Suche nach ihm wurde ich schon sichtlich nerv\u00f6s und sehr erleichtert ihn wie gewohnt wohlauf vorzufinden. Auch er spielt ein weiteres Jahr U10 und wird dann sicher angreifen.<\/p>\n<div id='gallery-10' class='gallery galleryid-2108 gallery-columns-1 gallery-size-medium'><figure class='gallery-item'>\n\t\t\t<div class='gallery-icon landscape'>\n\t\t\t\t<a href='https:\/\/turm-lahnstein.de\/?attachment_id=2115'><img loading=\"lazy\" decoding=\"async\" width=\"300\" height=\"225\" src=\"https:\/\/turm-lahnstein.de\/wp-content\/uploads\/2016\/04\/img_0225-300x225.jpg\" class=\"attachment-medium size-medium\" alt=\"\" srcset=\"https:\/\/turm-lahnstein.de\/wp-content\/uploads\/2016\/04\/img_0225-300x225.jpg 300w, https:\/\/turm-lahnstein.de\/wp-content\/uploads\/2016\/04\/img_0225-768x576.jpg 768w, https:\/\/turm-lahnstein.de\/wp-content\/uploads\/2016\/04\/img_0225.jpg 1000w\" sizes=\"(max-width: 300px) 100vw, 300px\" \/><\/a>\n\t\t\t<\/div><\/figure>\n\t\t<\/div>\n\n<p>Joshua war unser bester Punktesammler an diesem Tag und gewann als 3. auch den einzigen Pokal. Im Eiltempo fertigte er die ersten 4 Gegner ab, mit selten mehr als 4 Minuten verbrauchter Bedenkzeit. Ich versuchte ihn wieder mal zum Nachdenken zu bringen, aber wenn man gewinnt hat man doch alles richtig gemacht. In der letzten Runde w\u00fcrde ein Remis zum Turniersieg reichen. Kontrahent war Maximilian Felten und ich freute mich auf die erneute Auflage des Duells. Auch hier zog Joshua viel zu schnell und wurde von seinem deutlich konzentrierteren Gegner rasch \u00fcberspielt. Trotz des sehr guten Ergebnisses war ich ein wenig entt\u00e4uscht \u00fcber diese Partie.<\/p>\n<div id='gallery-11' class='gallery galleryid-2108 gallery-columns-1 gallery-size-medium'><figure class='gallery-item'>\n\t\t\t<div class='gallery-icon landscape'>\n\t\t\t\t<a href='https:\/\/turm-lahnstein.de\/?attachment_id=2113'><img loading=\"lazy\" decoding=\"async\" width=\"300\" height=\"225\" src=\"https:\/\/turm-lahnstein.de\/wp-content\/uploads\/2016\/04\/img_0227-300x225.jpg\" class=\"attachment-medium size-medium\" alt=\"\" srcset=\"https:\/\/turm-lahnstein.de\/wp-content\/uploads\/2016\/04\/img_0227-300x225.jpg 300w, https:\/\/turm-lahnstein.de\/wp-content\/uploads\/2016\/04\/img_0227-768x576.jpg 768w, https:\/\/turm-lahnstein.de\/wp-content\/uploads\/2016\/04\/img_0227.jpg 1000w\" sizes=\"(max-width: 300px) 100vw, 300px\" \/><\/a>\n\t\t\t<\/div><\/figure>\n\t\t<\/div>\n\n<p>Besondere\u00a0Freude machen mir immer wieder unsere J\u00fcngsten, die mit viel Spass dabei sind. Vorgabe der Trainerin waren bei jedem mindestens ein Punkt und das haben auch alle erreicht. Hier spielen vorne links Luisa und hinten rechts Johanna, die beide 2 Punkte erreichten und sich ihren Preis redlich verdienten<\/p>\n<div id='gallery-12' class='gallery galleryid-2108 gallery-columns-1 gallery-size-medium'><figure class='gallery-item'>\n\t\t\t<div class='gallery-icon landscape'>\n\t\t\t\t<a href='https:\/\/turm-lahnstein.de\/?attachment_id=2111'><img loading=\"lazy\" decoding=\"async\" width=\"300\" height=\"225\" src=\"https:\/\/turm-lahnstein.de\/wp-content\/uploads\/2016\/04\/img_0260-300x225.jpg\" class=\"attachment-medium size-medium\" alt=\"\" srcset=\"https:\/\/turm-lahnstein.de\/wp-content\/uploads\/2016\/04\/img_0260-300x225.jpg 300w, https:\/\/turm-lahnstein.de\/wp-content\/uploads\/2016\/04\/img_0260-768x576.jpg 768w, https:\/\/turm-lahnstein.de\/wp-content\/uploads\/2016\/04\/img_0260.jpg 1000w\" sizes=\"(max-width: 300px) 100vw, 300px\" \/><\/a>\n\t\t\t<\/div><\/figure>\n\t\t<\/div>\n\n<p>Franziska und Viktor im direkten Duell. Wie auf dem Bild zu sehen ist haben beide schon eine sehr sch\u00f6ne Partieanlage. Franzi spielte mit einem Start von 2\/3 sogar oben mit, konnte das Tempo aber dann doch nicht ganz halten. F\u00fcr Viktor waren 1,5 Punkte auch sehr ordentlich\u00a0in seinem ersten OPEN.<\/p>\n<div id='gallery-13' class='gallery galleryid-2108 gallery-columns-1 gallery-size-medium'><figure class='gallery-item'>\n\t\t\t<div class='gallery-icon landscape'>\n\t\t\t\t<a href='https:\/\/turm-lahnstein.de\/?attachment_id=2110'><img loading=\"lazy\" decoding=\"async\" width=\"300\" height=\"225\" src=\"https:\/\/turm-lahnstein.de\/wp-content\/uploads\/2016\/04\/img_0219-300x225.jpg\" class=\"attachment-medium size-medium\" alt=\"\" srcset=\"https:\/\/turm-lahnstein.de\/wp-content\/uploads\/2016\/04\/img_0219-300x225.jpg 300w, https:\/\/turm-lahnstein.de\/wp-content\/uploads\/2016\/04\/img_0219-768x576.jpg 768w, https:\/\/turm-lahnstein.de\/wp-content\/uploads\/2016\/04\/img_0219.jpg 1000w\" sizes=\"(max-width: 300px) 100vw, 300px\" \/><\/a>\n\t\t\t<\/div><\/figure>\n\t\t<\/div>\n\n","protected":false},"excerpt":{"rendered":"<p>Mit 17 Lahnsteiner waren wir zu Gast in Ochtendung. Im Bericht allen gerecht zu werden ist schwierig, aber ich versuche es einmal und fange bei der vielleicht besten Leistung an [&hellip;]<\/p>\n","protected":false},"author":4,"featured_media":0,"comment_status":"open","ping_status":"open","sticky":false,"template":"","format":"standard","meta":{"footnotes":""},"categories":[1],"tags":[],"_links":{"self":[{"href":"https:\/\/turm-lahnstein.de\/index.php?rest_route=\/wp\/v2\/posts\/2108"}],"collection":[{"href":"https:\/\/turm-lahnstein.de\/index.php?rest_route=\/wp\/v2\/posts"}],"about":[{"href":"https:\/\/turm-lahnstein.de\/index.php?rest_route=\/wp\/v2\/types\/post"}],"author":[{"embeddable":true,"href":"https:\/\/turm-lahnstein.de\/index.php?rest_route=\/wp\/v2\/users\/4"}],"replies":[{"embeddable":true,"href":"https:\/\/turm-lahnstein.de\/index.php?rest_route=%2Fwp%2Fv2%2Fcomments&post=2108"}],"version-history":[{"count":0,"href":"https:\/\/turm-lahnstein.de\/index.php?rest_route=\/wp\/v2\/posts\/2108\/revisions"}],"wp:attachment":[{"href":"https:\/\/turm-lahnstein.de\/index.php?rest_route=%2Fwp%2Fv2%2Fmedia&parent=2108"}],"wp:term":[{"taxonomy":"category","embeddable":true,"href":"https:\/\/turm-lahnstein.de\/index.php?rest_route=%2Fwp%2Fv2%2Fcategories&post=2108"},{"taxonomy":"post_tag","embeddable":true,"href":"https:\/\/turm-lahnstein.de\/index.php?rest_route=%2Fwp%2Fv2%2Ftags&post=2108"}],"curies":[{"name":"wp","href":"https:\/\/api.w.org\/{rel}","templated":true}]}}