{"id":2092,"date":"2016-04-04T08:47:11","date_gmt":"2016-04-04T08:47:11","guid":{"rendered":"https:\/\/turmlahnstein.wordpress.com\/?p=2092"},"modified":"2016-04-04T08:47:11","modified_gmt":"2016-04-04T08:47:11","slug":"rheinlandpfalz-jugendmeisterschaft-2016-in-bad-neuenahr","status":"publish","type":"post","link":"https:\/\/turm-lahnstein.de\/?p=2092","title":{"rendered":"Rheinlandpfalz Jugendmeisterschaft 2016 in Bad Neuenahr"},"content":{"rendered":"<p><img loading=\"lazy\" decoding=\"async\" class=\"alignright size-medium wp-image-2093\" src=\"https:\/\/turm-lahnstein.de\/wp-content\/uploads\/2016\/04\/img_5152.jpg?w=300\" alt=\"IMG_5152\" width=\"300\" height=\"200\" srcset=\"https:\/\/turm-lahnstein.de\/wp-content\/uploads\/2016\/04\/img_5152.jpg 1000w, https:\/\/turm-lahnstein.de\/wp-content\/uploads\/2016\/04\/img_5152-300x200.jpg 300w, https:\/\/turm-lahnstein.de\/wp-content\/uploads\/2016\/04\/img_5152-768x511.jpg 768w\" sizes=\"(max-width: 300px) 100vw, 300px\" \/>(Bild von Mechthild Reitz)<\/p>\n<p>In meinem Zwischenbericht habe ich die schlechte Beteiligung der Jugendlichen in den \u00e4lteren Jahrg\u00e4ngen bem\u00e4ngelt. \u00a0Dies trifft bei den M\u00e4dchen nochmal deutlicher zu als bei den m\u00e4nnlichen Jugendlichen. In den weiblichen Klassen gibt \u00a0es fast keine Nachr\u00fccker, die in Frage kommen und so schrumpft das Feld auf alle Willigen zusammen. Eine Antwort<br \/>\nwarum das so ist habe ich leider nicht und es f\u00e4llt mir schwer Erl\u00e4rungen, oder sogar L\u00f6sungsvorschl\u00e4ge zu finden.<!--more--><br \/>\nDer Aufenthalt in unseren Jugendherbergen ist sehr angenehm. Das engagierte Team um Mara gibt sich alle M\u00fche etwas \u00a0zu bieten und gleichzeitg den Jugendlichen Freiheiten zu geben, die diese ja auch nicht ausnutzen. Jeden Abend wird \u00a0ein Programm mit Spielen geboten und wenn einzelne Gr\u00fcppchen etwas anderes m\u00f6chten bleibt es ihnen \u00fcberlassen.\u00a0 Der Umgang unter den Jugendlichen empfinde ich als sehr entspannt. Durch Sabrina bin ich ganz gut \u00fcber die Stimmung \u00a0informiert und die Teilnehmer scheinen den Aufenthalt zu geniessen. Beschwerden sind jedenfalls nicht so bekannt. \u00a0Woran liegt es also? Ist die Woche nach Ostern das Problem? Da hat man aber kaum Alternativen. Liegt es am Preis, der\u00a0 \u00a0mit 170 Euro schon recht hoch ist? Da finde ich schon, dass man auf Preisgelder verzichten sollte und lieber allen \u00a0das etwas g\u00fcnstiger gestaltet, zumal das sich durch die Teilnahmen an Bezirk-, Rheinland-und Rhl-Pfalzmeisterschaft ja \u00a0schon auf einen ordentlichen Betrag summiert. Man Vorschlag hier w\u00e4re die Teilnehmer und vor allem die Absager einfach \u00a0mal vorurteilsfrei und vielleicht auch annoym zu befragen.<\/p>\n<p>Jetzt komme ich zum schachlichen Teil, der nat\u00fcrlich recht d\u00fcrftig ist. U16w und U18w wurden zusammengeschoben. In der \u00a0U16w hatte Sabrina zwei Konkurrentinnen, wobei sie nach DWZ deutlich favorisiert war. In der U18w fast das gleiche \u00a0Bild, wobei hier Estelle Morio die Setzliste anf\u00fchrte. Nach jeweils zwei Siegen trafen beide in Runde 3 aufeinander \u00a0und auch wenn es alles andere als geschoben war, kam das erwartete Remis heraus.Irgendwie klar wenn zwei etwa \u00a0gleichstarke Spielerinnen mit einem Halben sehr zufrieden sein k\u00f6nnen. Damit war das Turnier auch schon irgendwie durch. \u00a0Beide gaben zwar wider Erwarten auch noch etwas ab, aber war nicht so relevant. Sabrina \u00fcberzog ein etwas besseres \u00a0Endspiel nach mehreren ausgeschlagenen Remisangeboten v\u00f6llig und musste dann die Schlussrunde gewinnen, was auch \u00a0funktionierte. Damit ist sie Rheinland-Pfalzmeister 2016 U16w und hat sich f\u00fcr die Deutschen Meisterschaften in \u00a0Willingen qualifiziert.<\/p>\n<p>Link zu den Ergebnissen: <a href=\"http:\/\/www.schachjugend-rheinland-pfalz.de\/index.php\/spielbetrieb\/landesmeisterschaft-u14-u18-2016\" target=\"_blank\" rel=\"noopener noreferrer\">http:\/\/www.schachjugend-rheinland-pfalz.de\/index.php\/spielbetrieb\/landesmeisterschaft-u14-u18-2016<\/a><\/p>\n","protected":false},"excerpt":{"rendered":"<p>(Bild von Mechthild Reitz) In meinem Zwischenbericht habe ich die schlechte Beteiligung der Jugendlichen in den \u00e4lteren Jahrg\u00e4ngen bem\u00e4ngelt. \u00a0Dies trifft bei den M\u00e4dchen nochmal deutlicher zu als bei den [&hellip;]<\/p>\n","protected":false},"author":4,"featured_media":0,"comment_status":"open","ping_status":"open","sticky":false,"template":"","format":"standard","meta":{"footnotes":""},"categories":[1],"tags":[],"_links":{"self":[{"href":"https:\/\/turm-lahnstein.de\/index.php?rest_route=\/wp\/v2\/posts\/2092"}],"collection":[{"href":"https:\/\/turm-lahnstein.de\/index.php?rest_route=\/wp\/v2\/posts"}],"about":[{"href":"https:\/\/turm-lahnstein.de\/index.php?rest_route=\/wp\/v2\/types\/post"}],"author":[{"embeddable":true,"href":"https:\/\/turm-lahnstein.de\/index.php?rest_route=\/wp\/v2\/users\/4"}],"replies":[{"embeddable":true,"href":"https:\/\/turm-lahnstein.de\/index.php?rest_route=%2Fwp%2Fv2%2Fcomments&post=2092"}],"version-history":[{"count":0,"href":"https:\/\/turm-lahnstein.de\/index.php?rest_route=\/wp\/v2\/posts\/2092\/revisions"}],"wp:attachment":[{"href":"https:\/\/turm-lahnstein.de\/index.php?rest_route=%2Fwp%2Fv2%2Fmedia&parent=2092"}],"wp:term":[{"taxonomy":"category","embeddable":true,"href":"https:\/\/turm-lahnstein.de\/index.php?rest_route=%2Fwp%2Fv2%2Fcategories&post=2092"},{"taxonomy":"post_tag","embeddable":true,"href":"https:\/\/turm-lahnstein.de\/index.php?rest_route=%2Fwp%2Fv2%2Ftags&post=2092"}],"curies":[{"name":"wp","href":"https:\/\/api.w.org\/{rel}","templated":true}]}}