{"id":2064,"date":"2016-03-22T11:13:23","date_gmt":"2016-03-22T11:13:23","guid":{"rendered":"https:\/\/turmlahnstein.wordpress.com\/?p=2064"},"modified":"2016-03-22T11:13:23","modified_gmt":"2016-03-22T11:13:23","slug":"pressebericht-erfolgreicher-mannschaftsspieltag","status":"publish","type":"post","link":"https:\/\/turm-lahnstein.de\/?p=2064","title":{"rendered":"Pressebericht: Erfolgreicher Mannschaftsspieltag"},"content":{"rendered":"<p><img loading=\"lazy\" decoding=\"async\" class=\"alignright size-full wp-image-68\" src=\"https:\/\/turmlahnstein.files.wordpress.com\/2012\/09\/friedhelm_col.jpg\" alt=\"friedhelm_col\" width=\"254\" height=\"248\" \/>Jeweils die vorletzte Runde stand f\u00fcr die erste und die dritte Mannschaft des Schachvereins Turm Lahnstein an und beide Vertretungen l\u00f6sten ihre Aufgabe siegreich. In der 2.Rheinland-Pfalz-Liga hie\u00df es 5 : 3 gegen den VfR Koblenz I und die dritte Mannschaft wollte dem in der B-Klasse nicht nachstehen und schlug den VfR Koblenz VIII mit 3 : 1.<!--more--><\/p>\n<p>Obwohl Lahnstein zum wiederholten Male mit Aufstellungssorgen zu k\u00e4mpfen hatte, gelang der Mannschaftssieg durch Gewinnpartien von Dennis Sanner, Sabrina Ley und Ersatzspieler Kurt Sanner bei nur einer Niederlage und vier Remisen, die von Ralf Teichgr\u00e4ber, Julian Voss, Stephan B\u00fcchner und J\u00f6rg Kap erspielt wurden. Mit einem ausgeglichenen Punktekonto geht es damit am 10. April in die letzte Spielrunde.<\/p>\n<p>Die reine Jugendmannschaft des SV Turm, die als dritte Mannschaft in der B-Klasse Rhein-Nahe antritt, baute ihr positives Punkteverh\u00e4ltnis aus. Lars Wei\u00dfenfels, Tomislav Vekic und Niklas Herbel zeichneten f\u00fcr die Siegpunkte verantwortlich w\u00e4hrend Elsin Smakic diesmal den K\u00fcrzeren zog.<\/p>\n","protected":false},"excerpt":{"rendered":"<p>Jeweils die vorletzte Runde stand f\u00fcr die erste und die dritte Mannschaft des Schachvereins Turm Lahnstein an und beide Vertretungen l\u00f6sten ihre Aufgabe siegreich. In der 2.Rheinland-Pfalz-Liga hie\u00df es 5 [&hellip;]<\/p>\n","protected":false},"author":4,"featured_media":0,"comment_status":"open","ping_status":"open","sticky":false,"template":"","format":"standard","meta":{"footnotes":""},"categories":[1],"tags":[],"_links":{"self":[{"href":"https:\/\/turm-lahnstein.de\/index.php?rest_route=\/wp\/v2\/posts\/2064"}],"collection":[{"href":"https:\/\/turm-lahnstein.de\/index.php?rest_route=\/wp\/v2\/posts"}],"about":[{"href":"https:\/\/turm-lahnstein.de\/index.php?rest_route=\/wp\/v2\/types\/post"}],"author":[{"embeddable":true,"href":"https:\/\/turm-lahnstein.de\/index.php?rest_route=\/wp\/v2\/users\/4"}],"replies":[{"embeddable":true,"href":"https:\/\/turm-lahnstein.de\/index.php?rest_route=%2Fwp%2Fv2%2Fcomments&post=2064"}],"version-history":[{"count":0,"href":"https:\/\/turm-lahnstein.de\/index.php?rest_route=\/wp\/v2\/posts\/2064\/revisions"}],"wp:attachment":[{"href":"https:\/\/turm-lahnstein.de\/index.php?rest_route=%2Fwp%2Fv2%2Fmedia&parent=2064"}],"wp:term":[{"taxonomy":"category","embeddable":true,"href":"https:\/\/turm-lahnstein.de\/index.php?rest_route=%2Fwp%2Fv2%2Fcategories&post=2064"},{"taxonomy":"post_tag","embeddable":true,"href":"https:\/\/turm-lahnstein.de\/index.php?rest_route=%2Fwp%2Fv2%2Ftags&post=2064"}],"curies":[{"name":"wp","href":"https:\/\/api.w.org\/{rel}","templated":true}]}}