{"id":2050,"date":"2016-03-20T16:17:13","date_gmt":"2016-03-20T16:17:13","guid":{"rendered":"https:\/\/turmlahnstein.wordpress.com\/?p=2050"},"modified":"2016-03-20T16:17:13","modified_gmt":"2016-03-20T16:17:13","slug":"rheinlandmeisterschaften-1-wochenende","status":"publish","type":"post","link":"https:\/\/turm-lahnstein.de\/?p=2050","title":{"rendered":"Rheinlandmeisterschaften 1.Wochenende"},"content":{"rendered":"<p>Wie jedes Jahr fangen eine Woche vor Ostern die Rheinlandmeisterschaften statt, dieses mal in Trier. Aus Lahnstein nehmen nach einige teils kurzfristigen Absagen nur Ralf Teichgr\u00e4ber und Sabrina Ley teil. F\u00fcr beide in den letzten Jahren ein gutes Turnier. Ralf gewann vor 2 Jahren das Hauptturnier, Sabrina konnte vor 3 Jahren Rheinlandmeisterin werden und spielt seitdem im Meisteranw\u00e4rterturnier mit.<!--more-->Sabrina k\u00e4mpferisch in den ersten 3 Partien und lehnte einige Remisangebot ab und musste sich dennoch 3 x mit einer Punkteteilung begn\u00fcgen. Spannend die erste Runde gegen Bernd Mallmann. Beide hatte zwischendrin einen geopferten Bauern mehr mit jeweils Kompensation. Das Endspiel stand dann materiell gleich. Sabrinas Bauernstruktur war etwas besser, aber der Gegner schaffte es dagegen anzugehen und den Vorteil zu neutralisieren. Runde 2 gegen Peter Warketin war dann schon richtig \u00e4rgerlich. Sabrina \u00fcberspielte ihren Gegner v\u00f6llig und hatte einen Turm mehr. Ihr K\u00f6nig war jedoch unter starkem, aber l\u00f6sbaren Druck. Mit 3 Sekunden Restbedenkzeit vor ihrem vierzigsten Zug machte sie den entscheidenden Fehler und erm\u00f6glichte ein Dauerschach. In der letzten Runde dieses Wochenendes gegen Jannik L\u00fctz spielte Sabrina eine sehr agressive Er\u00f6ffnung, worauf sich Jannik aber nicht einliess. Es entstand die Materialverteilung Turm +2 Bauern bei Sabrina gegen L\u00e4ufer und Springer. Beide Seiten liessen hier nichts zu und so endete auch diese Partie Remis. Keine schlechte Leistung von Sabrina, n\u00e4chstes Wochenende sollte aber mal ein Sieg her.<\/p>\n<p>&nbsp;<\/p>\n<p>&nbsp;<\/p>\n<p>Ralf schickte mir ein paar Bilder mit eigenen Kommentaren zu seinen Partien:<\/p>\n<p><strong>Runde 1:<\/strong> Ralf Teichgr\u00e4ber (1911) \u2013 Tim Renkel (1341)<\/p>\n<p><img loading=\"lazy\" decoding=\"async\" class=\"wp-image-2066 aligncenter\" src=\"https:\/\/turm-lahnstein.de\/wp-content\/uploads\/2016\/03\/ralf31.jpg?w=300\" alt=\"Ralf3\" width=\"645\" height=\"484\" srcset=\"https:\/\/turm-lahnstein.de\/wp-content\/uploads\/2016\/03\/ralf31.jpg 1000w, https:\/\/turm-lahnstein.de\/wp-content\/uploads\/2016\/03\/ralf31-300x225.jpg 300w, https:\/\/turm-lahnstein.de\/wp-content\/uploads\/2016\/03\/ralf31-768x576.jpg 768w\" sizes=\"(max-width: 645px) 100vw, 645px\" \/><\/p>\n<p>Stellung nach 18. h6: Schwarz gab auf.<\/p>\n<p>Man beachte, dass der Bauer f7 einmal auf c4 stand \u2026<\/p>\n<p><strong>Runde 2:<\/strong> Peter Sch\u00e4fer (1597) \u2013 Ralf Teichgr\u00e4ber (1911)<\/p>\n<p><img loading=\"lazy\" decoding=\"async\" class=\"size-medium wp-image-2052 aligncenter\" src=\"https:\/\/turm-lahnstein.de\/wp-content\/uploads\/2016\/03\/ralf4.png?w=300\" alt=\"Ralf4\" width=\"300\" height=\"225\" srcset=\"https:\/\/turm-lahnstein.de\/wp-content\/uploads\/2016\/03\/ralf4.png 1000w, https:\/\/turm-lahnstein.de\/wp-content\/uploads\/2016\/03\/ralf4-300x225.png 300w, https:\/\/turm-lahnstein.de\/wp-content\/uploads\/2016\/03\/ralf4-768x576.png 768w\" sizes=\"(max-width: 300px) 100vw, 300px\" \/><\/p>\n<p>Stellung nach 9. Dg4: remis.<br \/>\nNach dem letzten wei\u00dfen Zug stand ich schon ziemlich schlecht. Als mein Gegner merkte, dass ich sehr lange \u00fcberlegte, bot er remis an.<\/p>\n<p><strong>Runde 3<\/strong>: Ralf Teichgr\u00e4ber (1911) \u2013 Horst Pandorf (1560)<\/p>\n<p><img loading=\"lazy\" decoding=\"async\" class=\"size-medium wp-image-2054 aligncenter\" src=\"https:\/\/turm-lahnstein.de\/wp-content\/uploads\/2016\/03\/ralf51.png?w=300\" alt=\"Ralf5\" width=\"300\" height=\"226\" srcset=\"https:\/\/turm-lahnstein.de\/wp-content\/uploads\/2016\/03\/ralf51.png 1000w, https:\/\/turm-lahnstein.de\/wp-content\/uploads\/2016\/03\/ralf51-300x226.png 300w, https:\/\/turm-lahnstein.de\/wp-content\/uploads\/2016\/03\/ralf51-768x578.png 768w\" sizes=\"(max-width: 300px) 100vw, 300px\" \/><\/p>\n<p>Stellung nach 37&#8230; Td8: Es folgte 38. Te6 und 1-0 im 42. Zug.Die Partie war allerdings nicht so klar. Die Er\u00f6ffnung spielten wir beide ungenau, aber ab dem 20. Zug wurde es immer besser f\u00fcr mich. Die ungleichfarbigen L\u00e4ufer gaben mir allerdings bis zuletzt sehr zu denken.<\/p>\n<p>&nbsp;<\/p>\n<p>Mit dem Ergebnis 2,5 aus 3 bin ich ziemlich zufrieden. Jetzt kommen langsam die st\u00e4rkeren Gegner \u2013 mal sehen, ob mir das Gl\u00fcck auch weiterhin hold bleibt.<img loading=\"lazy\" decoding=\"async\" class=\"size-medium wp-image-2057 aligncenter\" src=\"https:\/\/turm-lahnstein.de\/wp-content\/uploads\/2016\/03\/ralf-t1.jpg?w=221\" alt=\"Ralf-t\" width=\"221\" height=\"300\" srcset=\"https:\/\/turm-lahnstein.de\/wp-content\/uploads\/2016\/03\/ralf-t1.jpg 736w, https:\/\/turm-lahnstein.de\/wp-content\/uploads\/2016\/03\/ralf-t1-221x300.jpg 221w\" sizes=\"(max-width: 221px) 100vw, 221px\" \/><\/p>\n<p>Der Link zur Meisterschaft: <a href=\"http:\/\/www.sgtrier.de\/index.php\/rheinland-einzelmeisterschaften-2016\/178-ueberblick-rheinlandeinzelmeisterschaften-2016\">http:\/\/www.sgtrier.de\/index.php\/rheinland-einzelmeisterschaften-2016\/178-ueberblick-rheinlandeinzelmeisterschaften-2016<\/a><\/p>\n<p>&nbsp;<\/p>\n<p>&nbsp;<\/p>\n","protected":false},"excerpt":{"rendered":"<p>Wie jedes Jahr fangen eine Woche vor Ostern die Rheinlandmeisterschaften statt, dieses mal in Trier. Aus Lahnstein nehmen nach einige teils kurzfristigen Absagen nur Ralf Teichgr\u00e4ber und Sabrina Ley teil. [&hellip;]<\/p>\n","protected":false},"author":4,"featured_media":0,"comment_status":"open","ping_status":"open","sticky":false,"template":"","format":"standard","meta":{"footnotes":""},"categories":[1],"tags":[],"_links":{"self":[{"href":"https:\/\/turm-lahnstein.de\/index.php?rest_route=\/wp\/v2\/posts\/2050"}],"collection":[{"href":"https:\/\/turm-lahnstein.de\/index.php?rest_route=\/wp\/v2\/posts"}],"about":[{"href":"https:\/\/turm-lahnstein.de\/index.php?rest_route=\/wp\/v2\/types\/post"}],"author":[{"embeddable":true,"href":"https:\/\/turm-lahnstein.de\/index.php?rest_route=\/wp\/v2\/users\/4"}],"replies":[{"embeddable":true,"href":"https:\/\/turm-lahnstein.de\/index.php?rest_route=%2Fwp%2Fv2%2Fcomments&post=2050"}],"version-history":[{"count":0,"href":"https:\/\/turm-lahnstein.de\/index.php?rest_route=\/wp\/v2\/posts\/2050\/revisions"}],"wp:attachment":[{"href":"https:\/\/turm-lahnstein.de\/index.php?rest_route=%2Fwp%2Fv2%2Fmedia&parent=2050"}],"wp:term":[{"taxonomy":"category","embeddable":true,"href":"https:\/\/turm-lahnstein.de\/index.php?rest_route=%2Fwp%2Fv2%2Fcategories&post=2050"},{"taxonomy":"post_tag","embeddable":true,"href":"https:\/\/turm-lahnstein.de\/index.php?rest_route=%2Fwp%2Fv2%2Ftags&post=2050"}],"curies":[{"name":"wp","href":"https:\/\/api.w.org\/{rel}","templated":true}]}}