{"id":2033,"date":"2016-03-09T21:27:54","date_gmt":"2016-03-09T21:27:54","guid":{"rendered":"https:\/\/turmlahnstein.wordpress.com\/?p=2033"},"modified":"2016-03-09T21:27:54","modified_gmt":"2016-03-09T21:27:54","slug":"pressebericht-mittelfeldplatz-in-der-abschlusstabelle","status":"publish","type":"post","link":"https:\/\/turm-lahnstein.de\/?p=2033","title":{"rendered":"Pressebericht: Mittelfeldplatz in der Abschlusstabelle"},"content":{"rendered":"<p><img loading=\"lazy\" decoding=\"async\" class=\"alignright size-full wp-image-68\" src=\"https:\/\/turmlahnstein.files.wordpress.com\/2012\/09\/friedhelm_col.jpg\" alt=\"friedhelm_col\" width=\"254\" height=\"248\" \/>Als erste der Mannschaften des Schachvereins Turm Lahnstein beendete die zweite Mannschaft die Spielsaison 2015\/2016. In der zentralen Schlussrunde der beiden Rheinland-Liga-Staffeln in Gusenburg\/Hunsr\u00fcck wurde das Punktekonto ausgeglichen auf 9 : 9 gebracht, was einen angenehmen sechsten Platz unter 10 Mannschaften in der Schlusstabelle bedeutet.<\/p>\n<p><!--more-->Zu Beginn des Spieljahres schaute man nicht ohne Sorgen den K\u00e4mpfen entgegen, denn durch Abg\u00e4nge von Spielern in die erste Mannschaft war zu erwarten, dass es ein Ringen gegen den Abstieg geben k\u00f6nnte. Die teilweise neu formierte Mannschaft schlug sich aber von Anfang an gut und sammelte schon in den ersten vier Runden mit 6 : 2 Punkten ein Polster gegen Abstiegssorgen. Der erreichte Mittelfeldplatz ist ein sch\u00f6ner Erfolg. Bestes Einzelergebnis erzielte Peter Schreieck, der mit 6,5 Punkten aus neun Partien Brettmeister an Brett f\u00fcnf wurde. Als eifrigste Punktesammler zeichneten sich ferner Michael Sefeloge, Gerhard Reznik , Florian Auras und Norbert Niechoj, der alle drei Ersatzeins\u00e4tze gewann, aus. Werner Sonnhoff, Hans-Joachim Will, Kurt Sanner und Friedhelm Schneider blieben unter der H\u00e4lfte der m\u00f6glichen Punkte.<\/p>\n","protected":false},"excerpt":{"rendered":"<p>Als erste der Mannschaften des Schachvereins Turm Lahnstein beendete die zweite Mannschaft die Spielsaison 2015\/2016. In der zentralen Schlussrunde der beiden Rheinland-Liga-Staffeln in Gusenburg\/Hunsr\u00fcck wurde das Punktekonto ausgeglichen auf 9 [&hellip;]<\/p>\n","protected":false},"author":4,"featured_media":0,"comment_status":"open","ping_status":"open","sticky":false,"template":"","format":"standard","meta":{"footnotes":""},"categories":[11,26],"tags":[],"_links":{"self":[{"href":"https:\/\/turm-lahnstein.de\/index.php?rest_route=\/wp\/v2\/posts\/2033"}],"collection":[{"href":"https:\/\/turm-lahnstein.de\/index.php?rest_route=\/wp\/v2\/posts"}],"about":[{"href":"https:\/\/turm-lahnstein.de\/index.php?rest_route=\/wp\/v2\/types\/post"}],"author":[{"embeddable":true,"href":"https:\/\/turm-lahnstein.de\/index.php?rest_route=\/wp\/v2\/users\/4"}],"replies":[{"embeddable":true,"href":"https:\/\/turm-lahnstein.de\/index.php?rest_route=%2Fwp%2Fv2%2Fcomments&post=2033"}],"version-history":[{"count":0,"href":"https:\/\/turm-lahnstein.de\/index.php?rest_route=\/wp\/v2\/posts\/2033\/revisions"}],"wp:attachment":[{"href":"https:\/\/turm-lahnstein.de\/index.php?rest_route=%2Fwp%2Fv2%2Fmedia&parent=2033"}],"wp:term":[{"taxonomy":"category","embeddable":true,"href":"https:\/\/turm-lahnstein.de\/index.php?rest_route=%2Fwp%2Fv2%2Fcategories&post=2033"},{"taxonomy":"post_tag","embeddable":true,"href":"https:\/\/turm-lahnstein.de\/index.php?rest_route=%2Fwp%2Fv2%2Ftags&post=2033"}],"curies":[{"name":"wp","href":"https:\/\/api.w.org\/{rel}","templated":true}]}}